{"id":3908,"date":"2024-02-01T08:26:00","date_gmt":"2024-02-01T08:26:00","guid":{"rendered":"http:\/\/www.radnotiiskola.hu\/new\/?p=3908"},"modified":"2024-02-08T08:28:53","modified_gmt":"2024-02-08T08:28:53","slug":"bortol-abdaig","status":"publish","type":"post","link":"http:\/\/www.radnotiiskola.hu\/new\/2024\/02\/01\/bortol-abdaig\/","title":{"rendered":"&#8222;Bort\u00f3l Abd\u00e1ig&#8221;"},"content":{"rendered":"\n<p style=\"text-align: justify;\"><img loading=\"lazy\" decoding=\"async\" class=\"size-medium wp-image-3910 alignright\" src=\"http:\/\/www.radnotiiskola.hu\/new\/wp-content\/uploads\/2024\/02\/received_363831999936226-225x300.jpeg\" alt=\"\" width=\"225\" height=\"300\" srcset=\"http:\/\/www.radnotiiskola.hu\/new\/wp-content\/uploads\/2024\/02\/received_363831999936226-225x300.jpeg 225w, http:\/\/www.radnotiiskola.hu\/new\/wp-content\/uploads\/2024\/02\/received_363831999936226-768x1024.jpeg 768w, http:\/\/www.radnotiiskola.hu\/new\/wp-content\/uploads\/2024\/02\/received_363831999936226-1152x1536.jpeg 1152w, http:\/\/www.radnotiiskola.hu\/new\/wp-content\/uploads\/2024\/02\/received_363831999936226.jpeg 1536w\" sizes=\"auto, (max-width: 225px) 100vw, 225px\" \/>\u201eBort\u00f3l Abd\u00e1ig\u201d c\u00edmmel k\u00e9sz\u00fclt dokumentumfilmet n\u00e9zt\u00e9k meg 7. \u00e9s 8. oszt\u00e1lyos tanul\u00f3ink febru\u00e1r 2- \u00e1n.<br>Iskol\u00e1nk n\u00e9vad\u00f3j\u00e1nak, Radn\u00f3ti Mikl\u00f3snak utols\u00f3 \u00fatj\u00e1t j\u00e1rta v\u00e9gig T\u00f3th P\u00e9ter L\u00f3r\u00e1nd, a \u201eVersv\u00e1ndor\u201d.<br>Hogyan omlott \u00f6ssze a k\u00f6lt\u0151 biztosnak, stabilnak hitt vil\u00e1ga egyik napr\u00f3l a m\u00e1sikra?<br>Hogy b\u00edrta vajon a kem\u00e9ny fizikai munk\u00e1t a munkat\u00e1borban?<br>Milyen rem\u00e9nyekkel indult el azon a ny\u00e1r v\u00e9gi napon gyalogmenetben?<br>Embers\u00e9g \u00e9s k\u00f6ny\u00f6rtelens\u00e9g-mindezt megtapasztalni.<br>\u00c9rz\u00e9sek, gondolatok, szeml\u00e9letet form\u00e1l\u00f3 pillanatok.<br>Mindez egy emberi elhat\u00e1roz\u00e1st megval\u00f3s\u00edt\u00f3 film ut\u00e1n.<\/p>\n<p><img loading=\"lazy\" decoding=\"async\" class=\"alignnone size-large wp-image-3909\" src=\"http:\/\/www.radnotiiskola.hu\/new\/wp-content\/uploads\/2024\/02\/received_423062893393117-1024x768.jpeg\" alt=\"\" width=\"648\" height=\"486\" srcset=\"http:\/\/www.radnotiiskola.hu\/new\/wp-content\/uploads\/2024\/02\/received_423062893393117-1024x768.jpeg 1024w, http:\/\/www.radnotiiskola.hu\/new\/wp-content\/uploads\/2024\/02\/received_423062893393117-300x225.jpeg 300w, http:\/\/www.radnotiiskola.hu\/new\/wp-content\/uploads\/2024\/02\/received_423062893393117-768x576.jpeg 768w, http:\/\/www.radnotiiskola.hu\/new\/wp-content\/uploads\/2024\/02\/received_423062893393117-1536x1152.jpeg 1536w, http:\/\/www.radnotiiskola.hu\/new\/wp-content\/uploads\/2024\/02\/received_423062893393117.jpeg 2048w\" sizes=\"auto, (max-width: 648px) 100vw, 648px\" \/><\/p>\n","protected":false},"excerpt":{"rendered":"<p>\u201eBort\u00f3l Abd\u00e1ig\u201d c\u00edmmel k\u00e9sz\u00fclt dokumentumfilmet n\u00e9zt\u00e9k meg 7. \u00e9s 8. oszt\u00e1lyos tanul\u00f3ink febru\u00e1r 2- \u00e1n.Iskol\u00e1nk n\u00e9vad\u00f3j\u00e1nak, Radn\u00f3ti Mikl\u00f3snak utols\u00f3 \u00fatj\u00e1t j\u00e1rta v\u00e9gig T\u00f3th P\u00e9ter L\u00f3r\u00e1nd, a \u201eVersv\u00e1ndor\u201d.Hogyan omlott \u00f6ssze a k\u00f6lt\u0151 biztosnak, stabilnak hitt vil\u00e1ga egyik napr\u00f3l a m\u00e1sikra?Hogy b\u00edrta vajon a kem\u00e9ny fizikai munk\u00e1t a munkat\u00e1borban?Milyen rem\u00e9nyekkel indult el azon a ny\u00e1r v\u00e9gi napon [&hellip;]<\/p>\n","protected":false},"author":4,"featured_media":0,"comment_status":"closed","ping_status":"open","sticky":false,"template":"","format":"standard","meta":{"ngg_post_thumbnail":0,"footnotes":""},"categories":[28],"tags":[],"class_list":["post-3908","post","type-post","status-publish","format-standard","hentry","category-esemenyek-2019"],"_links":{"self":[{"href":"http:\/\/www.radnotiiskola.hu\/new\/wp-json\/wp\/v2\/posts\/3908","targetHints":{"allow":["GET"]}}],"collection":[{"href":"http:\/\/www.radnotiiskola.hu\/new\/wp-json\/wp\/v2\/posts"}],"about":[{"href":"http:\/\/www.radnotiiskola.hu\/new\/wp-json\/wp\/v2\/types\/post"}],"author":[{"embeddable":true,"href":"http:\/\/www.radnotiiskola.hu\/new\/wp-json\/wp\/v2\/users\/4"}],"replies":[{"embeddable":true,"href":"http:\/\/www.radnotiiskola.hu\/new\/wp-json\/wp\/v2\/comments?post=3908"}],"version-history":[{"count":0,"href":"http:\/\/www.radnotiiskola.hu\/new\/wp-json\/wp\/v2\/posts\/3908\/revisions"}],"wp:attachment":[{"href":"http:\/\/www.radnotiiskola.hu\/new\/wp-json\/wp\/v2\/media?parent=3908"}],"wp:term":[{"taxonomy":"category","embeddable":true,"href":"http:\/\/www.radnotiiskola.hu\/new\/wp-json\/wp\/v2\/categories?post=3908"},{"taxonomy":"post_tag","embeddable":true,"href":"http:\/\/www.radnotiiskola.hu\/new\/wp-json\/wp\/v2\/tags?post=3908"}],"curies":[{"name":"wp","href":"https:\/\/api.w.org\/{rel}","templated":true}]}}