{"id":3913,"date":"2024-02-09T18:28:00","date_gmt":"2024-02-09T18:28:00","guid":{"rendered":"http:\/\/www.radnotiiskola.hu\/new\/?p=3913"},"modified":"2024-02-13T08:35:38","modified_gmt":"2024-02-13T08:35:38","slug":"itt-a-farsang-all-a-bal-2","status":"publish","type":"post","link":"http:\/\/www.radnotiiskola.hu\/new\/2024\/02\/09\/itt-a-farsang-all-a-bal-2\/","title":{"rendered":"Itt a farsang \u00e1ll a b\u00e1l\u2026"},"content":{"rendered":"\n<p style=\"text-align: justify;\"><img loading=\"lazy\" decoding=\"async\" class=\"size-medium wp-image-3914 alignright\" src=\"http:\/\/www.radnotiiskola.hu\/new\/wp-content\/uploads\/2024\/02\/f1b-300x225.jpg\" alt=\"\" width=\"300\" height=\"225\" srcset=\"http:\/\/www.radnotiiskola.hu\/new\/wp-content\/uploads\/2024\/02\/f1b-300x225.jpg 300w, http:\/\/www.radnotiiskola.hu\/new\/wp-content\/uploads\/2024\/02\/f1b-1024x767.jpg 1024w, http:\/\/www.radnotiiskola.hu\/new\/wp-content\/uploads\/2024\/02\/f1b-768x575.jpg 768w, http:\/\/www.radnotiiskola.hu\/new\/wp-content\/uploads\/2024\/02\/f1b-1536x1150.jpg 1536w, http:\/\/www.radnotiiskola.hu\/new\/wp-content\/uploads\/2024\/02\/f1b.jpg 2008w\" sizes=\"auto, (max-width: 300px) 100vw, 300px\" \/>V\u00edzkereszt napj\u00e1t\u00f3l hamvaz\u00f3szerd\u00e1ig tart a farsang. Amelyet hagyom\u00e1nyosan a vid\u00e1m lakom\u00e1k, b\u00e1lok, mulats\u00e1gok, bolondoz\u00e1s, t\u00e1nc, n\u00e9p\u00fcnnep\u00e9lyek, karnev\u00e1lok jellemeznek.<br>Ez a k\u00f6zelg\u0151 tavasz \u00f6r\u00f6m\u00fcnnepe. R\u00e9gebben farsangkor a falusi h\u00e1zakn\u00e1l maskar\u00e1sok jelentek meg, s vid\u00e1m jeleneteket, j\u00e1t\u00e9kokat adtak el\u0151. Ez volt az udvarl\u00e1s, p\u00e1rv\u00e1laszt\u00e1s, lakodalmak ideje is!<br>A legismertebb farsangi n\u00e9pszok\u00e1sok: az asszonyfarsang, az \u00e1larcos, jelmezes alakoskod\u00e1s, k\u00f6sz\u00f6nt\u0151k, farsangtemet\u00e9s. Farsanghoz k\u00f6t\u0151dik az egyik leg\u00e9rdekesebb n\u00e9pszok\u00e1sunk, a moh\u00e1csi bus\u00f3j\u00e1r\u00e1s is.<!--more--><\/p>\n<p style=\"text-align: justify;\">Legnevezetesebb \u00e9tele pedig a farsangi f\u00e1nk. A n\u00e9phit szerint a farsangi f\u00e1nk var\u00e1zser\u0151vel<br>b\u00edrt. Az\u00e9rt ett\u00e9k, hogy ne \u00e9rje k\u00e1r a h\u00e1zuk t\u00e1j\u00e1t. S\u0151t m\u00e9g a marad\u00e9kokat sem dobt\u00e1k el, hanem<br>a morzs\u00e1kat a kertbe sz\u00f3rt\u00e1k, mert \u00fagy hitt\u00e9k, hogy ett\u0151l jobb term\u00e9st hoz majd. Iskol\u00e1nkban m\u00e1r mi is nagyon v\u00e1rjuk a tavasz elj\u00f6tt\u00e9t. Ez\u00e9rt febru\u00e1r 9-e d\u00e9lut\u00e1nj\u00e1n farsangi vigass\u00e1got rendeztek oszt\u00e1lyaink!<br>Volt sok-sok m\u00f3ka, kacag\u00e1s: nyit\u00f3t\u00e1nc, jelmezes felvonul\u00e1s- verseny. \u00dcgyess\u00e9gi, j\u00e1t\u00e9kos feladatok: pl. ev\u0151versenyek, sz\u00e9kfoglal\u00f3, lufif\u00faj\u00f3- t\u00e1ncos vet\u00e9lked\u0151. Tombolasorsol\u00e1s, zs\u00e1kbamacska, m\u00e1rka kv\u00edz, eszem-iszom.<br>Vid\u00e1m d\u00e9lut\u00e1n t\u00f6lt\u00f6tt\u00fcnk egy\u00fctt!<\/p>\n<p>A k\u00e9pek <a href=\"https:\/\/drive.google.com\/drive\/folders\/1XLIR6twzFlzlh-xoCw1vVtr_lCcMFuFd?usp=drive_link\">IDE<\/a> kattintva tekinthet\u0151ek meg.&nbsp;<\/p>\n","protected":false},"excerpt":{"rendered":"<p>V\u00edzkereszt napj\u00e1t\u00f3l hamvaz\u00f3szerd\u00e1ig tart a farsang. Amelyet hagyom\u00e1nyosan a vid\u00e1m lakom\u00e1k, b\u00e1lok, mulats\u00e1gok, bolondoz\u00e1s, t\u00e1nc, n\u00e9p\u00fcnnep\u00e9lyek, karnev\u00e1lok jellemeznek.Ez a k\u00f6zelg\u0151 tavasz \u00f6r\u00f6m\u00fcnnepe. R\u00e9gebben farsangkor a falusi h\u00e1zakn\u00e1l maskar\u00e1sok jelentek meg, s vid\u00e1m jeleneteket, j\u00e1t\u00e9kokat adtak el\u0151. Ez volt az udvarl\u00e1s, p\u00e1rv\u00e1laszt\u00e1s, lakodalmak ideje is!A legismertebb farsangi n\u00e9pszok\u00e1sok: az asszonyfarsang, az \u00e1larcos, jelmezes alakoskod\u00e1s, k\u00f6sz\u00f6nt\u0151k, farsangtemet\u00e9s. [&hellip;]<\/p>\n","protected":false},"author":4,"featured_media":0,"comment_status":"closed","ping_status":"open","sticky":false,"template":"","format":"standard","meta":{"ngg_post_thumbnail":0,"footnotes":""},"categories":[28],"tags":[],"class_list":["post-3913","post","type-post","status-publish","format-standard","hentry","category-esemenyek-2019"],"_links":{"self":[{"href":"http:\/\/www.radnotiiskola.hu\/new\/wp-json\/wp\/v2\/posts\/3913","targetHints":{"allow":["GET"]}}],"collection":[{"href":"http:\/\/www.radnotiiskola.hu\/new\/wp-json\/wp\/v2\/posts"}],"about":[{"href":"http:\/\/www.radnotiiskola.hu\/new\/wp-json\/wp\/v2\/types\/post"}],"author":[{"embeddable":true,"href":"http:\/\/www.radnotiiskola.hu\/new\/wp-json\/wp\/v2\/users\/4"}],"replies":[{"embeddable":true,"href":"http:\/\/www.radnotiiskola.hu\/new\/wp-json\/wp\/v2\/comments?post=3913"}],"version-history":[{"count":0,"href":"http:\/\/www.radnotiiskola.hu\/new\/wp-json\/wp\/v2\/posts\/3913\/revisions"}],"wp:attachment":[{"href":"http:\/\/www.radnotiiskola.hu\/new\/wp-json\/wp\/v2\/media?parent=3913"}],"wp:term":[{"taxonomy":"category","embeddable":true,"href":"http:\/\/www.radnotiiskola.hu\/new\/wp-json\/wp\/v2\/categories?post=3913"},{"taxonomy":"post_tag","embeddable":true,"href":"http:\/\/www.radnotiiskola.hu\/new\/wp-json\/wp\/v2\/tags?post=3913"}],"curies":[{"name":"wp","href":"https:\/\/api.w.org\/{rel}","templated":true}]}}