{"id":3945,"date":"2024-03-11T12:15:00","date_gmt":"2024-03-11T12:15:00","guid":{"rendered":"http:\/\/www.radnotiiskola.hu\/new\/?p=3945"},"modified":"2024-03-11T12:24:49","modified_gmt":"2024-03-11T12:24:49","slug":"alapitvanyi-vacsora-3","status":"publish","type":"post","link":"http:\/\/www.radnotiiskola.hu\/new\/2024\/03\/11\/alapitvanyi-vacsora-3\/","title":{"rendered":"Alap\u00edtv\u00e1nyi vacsora"},"content":{"rendered":"\n<p style=\"text-align: center;\"><em>\u201e T\u00e9gy minden j\u00f3t, amit megtehetsz,<\/em><br><em>Ott, ahol vagy, \u00fagy, ahogy teheted\u2026\u201d<\/em><!--more--><\/p>\n<p style=\"text-align: justify;\"><br><img loading=\"lazy\" decoding=\"async\" class=\"size-medium wp-image-3947 alignright\" src=\"http:\/\/www.radnotiiskola.hu\/new\/wp-content\/uploads\/2024\/03\/cd5c3cd6-28c9-4a03-887e-b026f20c156b-139x300.jpg\" alt=\"\" width=\"139\" height=\"300\" srcset=\"http:\/\/www.radnotiiskola.hu\/new\/wp-content\/uploads\/2024\/03\/cd5c3cd6-28c9-4a03-887e-b026f20c156b-139x300.jpg 139w, http:\/\/www.radnotiiskola.hu\/new\/wp-content\/uploads\/2024\/03\/cd5c3cd6-28c9-4a03-887e-b026f20c156b-474x1024.jpg 474w, http:\/\/www.radnotiiskola.hu\/new\/wp-content\/uploads\/2024\/03\/cd5c3cd6-28c9-4a03-887e-b026f20c156b-768x1661.jpg 768w, http:\/\/www.radnotiiskola.hu\/new\/wp-content\/uploads\/2024\/03\/cd5c3cd6-28c9-4a03-887e-b026f20c156b-710x1536.jpg 710w, http:\/\/www.radnotiiskola.hu\/new\/wp-content\/uploads\/2024\/03\/cd5c3cd6-28c9-4a03-887e-b026f20c156b.jpg 947w\" sizes=\"auto, (max-width: 139px) 100vw, 139px\" \/>J\u00f3t\u00e9konys\u00e1g\u00fa c\u00e9llal ker\u00fclt megrendez\u00e9sre 2024.m\u00e1rcius 1-\u00e9n a Radn\u00f3ti<br>Alap\u00edtv\u00e1ny vacsor\u00e1ja.<br>Leny\u0171g\u00f6zte a vend\u00e9geket <strong>Buch Tibor<\/strong> sz\u00ednm\u0171v\u00e9sz el\u0151ad\u00e1sa, vid\u00e1m hangulatot teremtett <strong>Linczenbold Maximili\u00e1n<\/strong> iskol\u00e1nk n\u00e9pt\u00e1nctan\u00e1r\u00e1nak \u00e9s p\u00e1rj\u00e1nak<br>fell\u00e9p\u00e9se.<br>Megtisztelte az estet <strong>Szvitacs Alexa<\/strong> paraolimpiai aszteliteniszez\u0151, aki az \u201e\u00c9v asztalitenisz edz\u0151je\u201d <strong>V\u00edgh Zsolt<\/strong> megh\u00edv\u00e1s\u00e1ra volt jelen a rendezv\u00e9nyen.<br>A Radn\u00f3ti Alap\u00edtv\u00e1ny k\u00f6sz\u00f6ni a sok-sok t\u00e1mogat\u00e1st \u00e9s a megtisztel\u0151 jelenl\u00e9tet.<img loading=\"lazy\" decoding=\"async\" class=\"size-medium wp-image-3946 alignright\" src=\"http:\/\/www.radnotiiskola.hu\/new\/wp-content\/uploads\/2024\/03\/6362ae11-2391-4a2e-8634-67cc7b7cb88c-300x139.jpg\" alt=\"\" width=\"300\" height=\"139\" srcset=\"http:\/\/www.radnotiiskola.hu\/new\/wp-content\/uploads\/2024\/03\/6362ae11-2391-4a2e-8634-67cc7b7cb88c-300x139.jpg 300w, http:\/\/www.radnotiiskola.hu\/new\/wp-content\/uploads\/2024\/03\/6362ae11-2391-4a2e-8634-67cc7b7cb88c-1024x474.jpg 1024w, http:\/\/www.radnotiiskola.hu\/new\/wp-content\/uploads\/2024\/03\/6362ae11-2391-4a2e-8634-67cc7b7cb88c-768x355.jpg 768w, http:\/\/www.radnotiiskola.hu\/new\/wp-content\/uploads\/2024\/03\/6362ae11-2391-4a2e-8634-67cc7b7cb88c-1536x710.jpg 1536w, http:\/\/www.radnotiiskola.hu\/new\/wp-content\/uploads\/2024\/03\/6362ae11-2391-4a2e-8634-67cc7b7cb88c.jpg 2048w\" sizes=\"auto, (max-width: 300px) 100vw, 300px\" \/><\/p>\n<p><img loading=\"lazy\" decoding=\"async\" class=\"alignnone  wp-image-3951\" src=\"http:\/\/www.radnotiiskola.hu\/new\/wp-content\/uploads\/2024\/03\/431575395_1328934951137534_157192130791215120_n-300x225.jpg\" alt=\"\" width=\"261\" height=\"196\" srcset=\"http:\/\/www.radnotiiskola.hu\/new\/wp-content\/uploads\/2024\/03\/431575395_1328934951137534_157192130791215120_n-300x225.jpg 300w, http:\/\/www.radnotiiskola.hu\/new\/wp-content\/uploads\/2024\/03\/431575395_1328934951137534_157192130791215120_n-1024x768.jpg 1024w, http:\/\/www.radnotiiskola.hu\/new\/wp-content\/uploads\/2024\/03\/431575395_1328934951137534_157192130791215120_n-768x576.jpg 768w, http:\/\/www.radnotiiskola.hu\/new\/wp-content\/uploads\/2024\/03\/431575395_1328934951137534_157192130791215120_n-1536x1152.jpg 1536w, http:\/\/www.radnotiiskola.hu\/new\/wp-content\/uploads\/2024\/03\/431575395_1328934951137534_157192130791215120_n.jpg 2048w\" sizes=\"auto, (max-width: 261px) 100vw, 261px\" \/>&nbsp;<\/p>\n<p>&nbsp;<\/p>\n<p style=\"text-align: justify;\">&nbsp;<\/p>\n","protected":false},"excerpt":{"rendered":"<p>\u201e T\u00e9gy minden j\u00f3t, amit megtehetsz,Ott, ahol vagy, \u00fagy, ahogy teheted\u2026\u201d<\/p>\n","protected":false},"author":4,"featured_media":0,"comment_status":"closed","ping_status":"open","sticky":false,"template":"","format":"standard","meta":{"ngg_post_thumbnail":0,"footnotes":""},"categories":[28],"tags":[],"class_list":["post-3945","post","type-post","status-publish","format-standard","hentry","category-esemenyek-2019"],"_links":{"self":[{"href":"http:\/\/www.radnotiiskola.hu\/new\/wp-json\/wp\/v2\/posts\/3945","targetHints":{"allow":["GET"]}}],"collection":[{"href":"http:\/\/www.radnotiiskola.hu\/new\/wp-json\/wp\/v2\/posts"}],"about":[{"href":"http:\/\/www.radnotiiskola.hu\/new\/wp-json\/wp\/v2\/types\/post"}],"author":[{"embeddable":true,"href":"http:\/\/www.radnotiiskola.hu\/new\/wp-json\/wp\/v2\/users\/4"}],"replies":[{"embeddable":true,"href":"http:\/\/www.radnotiiskola.hu\/new\/wp-json\/wp\/v2\/comments?post=3945"}],"version-history":[{"count":0,"href":"http:\/\/www.radnotiiskola.hu\/new\/wp-json\/wp\/v2\/posts\/3945\/revisions"}],"wp:attachment":[{"href":"http:\/\/www.radnotiiskola.hu\/new\/wp-json\/wp\/v2\/media?parent=3945"}],"wp:term":[{"taxonomy":"category","embeddable":true,"href":"http:\/\/www.radnotiiskola.hu\/new\/wp-json\/wp\/v2\/categories?post=3945"},{"taxonomy":"post_tag","embeddable":true,"href":"http:\/\/www.radnotiiskola.hu\/new\/wp-json\/wp\/v2\/tags?post=3945"}],"curies":[{"name":"wp","href":"https:\/\/api.w.org\/{rel}","templated":true}]}}