{"id":3959,"date":"2024-03-15T05:07:00","date_gmt":"2024-03-15T05:07:00","guid":{"rendered":"http:\/\/www.radnotiiskola.hu\/new\/?p=3959"},"modified":"2024-03-18T05:09:40","modified_gmt":"2024-03-18T05:09:40","slug":"tavaszi-szunetre-vonatkozo-informaciok","status":"publish","type":"post","link":"http:\/\/www.radnotiiskola.hu\/new\/2024\/03\/15\/tavaszi-szunetre-vonatkozo-informaciok\/","title":{"rendered":"Tavaszi sz\u00fcnetre vonatkoz\u00f3 inform\u00e1ci\u00f3k"},"content":{"rendered":"\n<p>Tisztelt Sz\u00fcl\u0151k! <img loading=\"lazy\" decoding=\"async\" class=\"alignright wp-image-3937 size-thumbnail\" src=\"http:\/\/www.radnotiiskola.hu\/new\/wp-content\/uploads\/2024\/03\/unnamed-150x150.png\" alt=\"\" width=\"150\" height=\"150\" srcset=\"http:\/\/www.radnotiiskola.hu\/new\/wp-content\/uploads\/2024\/03\/unnamed-150x150.png 150w, http:\/\/www.radnotiiskola.hu\/new\/wp-content\/uploads\/2024\/03\/unnamed-60x60.png 60w\" sizes=\"auto, (max-width: 150px) 100vw, 150px\" \/><\/p>\n<p>A tavaszi sz\u00fcnidei \u00e9tkeztet\u00e9ssel kapcsolatosan <a href=\"https:\/\/drive.google.com\/drive\/folders\/1kRpq2vYD1Biq52r3PX7z6vNb9YiCkjIv?usp=sharing\">ITT<\/a> olvashatnak fontos inform\u00e1ci\u00f3kat!&nbsp;<\/p>\n","protected":false},"excerpt":{"rendered":"<p>Tisztelt Sz\u00fcl\u0151k! A tavaszi sz\u00fcnidei \u00e9tkeztet\u00e9ssel kapcsolatosan ITT olvashatnak fontos inform\u00e1ci\u00f3kat!&nbsp;<\/p>\n","protected":false},"author":4,"featured_media":0,"comment_status":"closed","ping_status":"open","sticky":false,"template":"","format":"standard","meta":{"ngg_post_thumbnail":0,"footnotes":""},"categories":[28],"tags":[],"class_list":["post-3959","post","type-post","status-publish","format-standard","hentry","category-esemenyek-2019"],"_links":{"self":[{"href":"http:\/\/www.radnotiiskola.hu\/new\/wp-json\/wp\/v2\/posts\/3959","targetHints":{"allow":["GET"]}}],"collection":[{"href":"http:\/\/www.radnotiiskola.hu\/new\/wp-json\/wp\/v2\/posts"}],"about":[{"href":"http:\/\/www.radnotiiskola.hu\/new\/wp-json\/wp\/v2\/types\/post"}],"author":[{"embeddable":true,"href":"http:\/\/www.radnotiiskola.hu\/new\/wp-json\/wp\/v2\/users\/4"}],"replies":[{"embeddable":true,"href":"http:\/\/www.radnotiiskola.hu\/new\/wp-json\/wp\/v2\/comments?post=3959"}],"version-history":[{"count":0,"href":"http:\/\/www.radnotiiskola.hu\/new\/wp-json\/wp\/v2\/posts\/3959\/revisions"}],"wp:attachment":[{"href":"http:\/\/www.radnotiiskola.hu\/new\/wp-json\/wp\/v2\/media?parent=3959"}],"wp:term":[{"taxonomy":"category","embeddable":true,"href":"http:\/\/www.radnotiiskola.hu\/new\/wp-json\/wp\/v2\/categories?post=3959"},{"taxonomy":"post_tag","embeddable":true,"href":"http:\/\/www.radnotiiskola.hu\/new\/wp-json\/wp\/v2\/tags?post=3959"}],"curies":[{"name":"wp","href":"https:\/\/api.w.org\/{rel}","templated":true}]}}