{"id":3982,"date":"2024-03-15T17:19:00","date_gmt":"2024-03-15T17:19:00","guid":{"rendered":"http:\/\/www.radnotiiskola.hu\/new\/?p=3982"},"modified":"2024-03-25T17:20:52","modified_gmt":"2024-03-25T17:20:52","slug":"2024-marcius-15","status":"publish","type":"post","link":"http:\/\/www.radnotiiskola.hu\/new\/2024\/03\/15\/2024-marcius-15\/","title":{"rendered":"2024. m\u00e1rcius 15."},"content":{"rendered":"\n<p style=\"text-align: justify;\">M\u00e1rcius 15-\u00e9t, az 1848-as forradalom \u00e9s szabads\u00e1gharc \u00e9vfordul\u00f3j\u00e1t \u00fcnnepelt\u00fck. A szabads\u00e1g \u00f6r\u00f6k. Teljen el ak\u00e1rh\u00e1ny \u00e9vtized, \u00e9vsz\u00e1zad, legh\u0151bb k\u00edv\u00e1ns\u00e1gunk ugyanaz, mint e jeles napon, az es\u0151ben \u00e1z\u00f3 t\u00f6meg\u00e9 volt. Legyen b\u00e9ke, szabads\u00e1g, egyet\u00e9rt\u00e9s! Ez volt a negyedik oszt\u00e1lyosok sz\u00ednvonalas, dalos, verses m\u0171sor\u00e1nak \u00fczenete is, amelyet az iskola \u00e9s a megh\u00edvott vend\u00e9gek tetsz\u00e9s\u00e9re adtak el\u0151.<\/p>\n<p><img loading=\"lazy\" decoding=\"async\" class=\"alignnone size-full wp-image-3983\" src=\"http:\/\/www.radnotiiskola.hu\/new\/wp-content\/uploads\/2024\/03\/432763801_1447723349152782_3037819086741223773_n.jpg\" alt=\"\" width=\"1125\" height=\"677\" srcset=\"http:\/\/www.radnotiiskola.hu\/new\/wp-content\/uploads\/2024\/03\/432763801_1447723349152782_3037819086741223773_n.jpg 1125w, http:\/\/www.radnotiiskola.hu\/new\/wp-content\/uploads\/2024\/03\/432763801_1447723349152782_3037819086741223773_n-300x181.jpg 300w, http:\/\/www.radnotiiskola.hu\/new\/wp-content\/uploads\/2024\/03\/432763801_1447723349152782_3037819086741223773_n-1024x616.jpg 1024w, http:\/\/www.radnotiiskola.hu\/new\/wp-content\/uploads\/2024\/03\/432763801_1447723349152782_3037819086741223773_n-768x462.jpg 768w\" sizes=\"auto, (max-width: 1125px) 100vw, 1125px\" \/><\/p>\n","protected":false},"excerpt":{"rendered":"<p>M\u00e1rcius 15-\u00e9t, az 1848-as forradalom \u00e9s szabads\u00e1gharc \u00e9vfordul\u00f3j\u00e1t \u00fcnnepelt\u00fck. A szabads\u00e1g \u00f6r\u00f6k. Teljen el ak\u00e1rh\u00e1ny \u00e9vtized, \u00e9vsz\u00e1zad, legh\u0151bb k\u00edv\u00e1ns\u00e1gunk ugyanaz, mint e jeles napon, az es\u0151ben \u00e1z\u00f3 t\u00f6meg\u00e9 volt. Legyen b\u00e9ke, szabads\u00e1g, egyet\u00e9rt\u00e9s! Ez volt a negyedik oszt\u00e1lyosok sz\u00ednvonalas, dalos, verses m\u0171sor\u00e1nak \u00fczenete is, amelyet az iskola \u00e9s a megh\u00edvott vend\u00e9gek tetsz\u00e9s\u00e9re adtak el\u0151.<\/p>\n","protected":false},"author":4,"featured_media":0,"comment_status":"closed","ping_status":"open","sticky":false,"template":"","format":"standard","meta":{"ngg_post_thumbnail":0,"footnotes":""},"categories":[53],"tags":[],"class_list":["post-3982","post","type-post","status-publish","format-standard","hentry","category-esemenyek-2024"],"_links":{"self":[{"href":"http:\/\/www.radnotiiskola.hu\/new\/wp-json\/wp\/v2\/posts\/3982","targetHints":{"allow":["GET"]}}],"collection":[{"href":"http:\/\/www.radnotiiskola.hu\/new\/wp-json\/wp\/v2\/posts"}],"about":[{"href":"http:\/\/www.radnotiiskola.hu\/new\/wp-json\/wp\/v2\/types\/post"}],"author":[{"embeddable":true,"href":"http:\/\/www.radnotiiskola.hu\/new\/wp-json\/wp\/v2\/users\/4"}],"replies":[{"embeddable":true,"href":"http:\/\/www.radnotiiskola.hu\/new\/wp-json\/wp\/v2\/comments?post=3982"}],"version-history":[{"count":0,"href":"http:\/\/www.radnotiiskola.hu\/new\/wp-json\/wp\/v2\/posts\/3982\/revisions"}],"wp:attachment":[{"href":"http:\/\/www.radnotiiskola.hu\/new\/wp-json\/wp\/v2\/media?parent=3982"}],"wp:term":[{"taxonomy":"category","embeddable":true,"href":"http:\/\/www.radnotiiskola.hu\/new\/wp-json\/wp\/v2\/categories?post=3982"},{"taxonomy":"post_tag","embeddable":true,"href":"http:\/\/www.radnotiiskola.hu\/new\/wp-json\/wp\/v2\/tags?post=3982"}],"curies":[{"name":"wp","href":"https:\/\/api.w.org\/{rel}","templated":true}]}}