{"id":3985,"date":"2024-03-25T17:22:00","date_gmt":"2024-03-25T17:22:00","guid":{"rendered":"http:\/\/www.radnotiiskola.hu\/new\/?p=3985"},"modified":"2024-04-04T08:39:27","modified_gmt":"2024-04-04T08:39:27","slug":"39-ev-a-pedagogus-palyan","status":"publish","type":"post","link":"http:\/\/www.radnotiiskola.hu\/new\/2024\/03\/25\/39-ev-a-pedagogus-palyan\/","title":{"rendered":"39 \u00e9v a pedag\u00f3gus p\u00e1ly\u00e1n"},"content":{"rendered":"\n<p style=\"text-align: justify;\">B\u00fcszk\u00e9n tudatjuk \u00d6n\u00f6kkel, hogy iskol\u00e1nk tan\u00e1ra, Kiss L\u00e1szl\u00f3n\u00e9 Ildi n\u00e9ni nemzeti \u00fcnnep\u00fcnk\u00f6n rangos szakmai elismer\u00e9sben r\u00e9szes\u00fclt. 2024. m\u00e1rcius 14-\u00e9n a Bel\u00fcgyminiszt\u00e9rium M\u00e1rv\u00e1nyaul\u00e1j\u00e1ban vehette \u00e1t kimagasl\u00f3 szakmai tev\u00e9kenys\u00e9g\u00e9\u00e9rt a Miniszteri Elismer\u0151 Oklevelet. Szeretettel gratul\u00e1lunk \u00e9s tov\u00e1bbi munk\u00e1j\u00e1hoz sok sikert k\u00edv\u00e1nunk<br><!--more--><\/p>\n<p><img loading=\"lazy\" decoding=\"async\" class=\"size-full wp-image-3986 aligncenter\" src=\"http:\/\/www.radnotiiskola.hu\/new\/wp-content\/uploads\/2024\/03\/9b1f600f-b491-4efc-a150-cf53fb65dc68-scaled.jpg\" alt=\"\" width=\"2560\" height=\"1544\" srcset=\"http:\/\/www.radnotiiskola.hu\/new\/wp-content\/uploads\/2024\/03\/9b1f600f-b491-4efc-a150-cf53fb65dc68-scaled.jpg 2560w, http:\/\/www.radnotiiskola.hu\/new\/wp-content\/uploads\/2024\/03\/9b1f600f-b491-4efc-a150-cf53fb65dc68-300x181.jpg 300w, http:\/\/www.radnotiiskola.hu\/new\/wp-content\/uploads\/2024\/03\/9b1f600f-b491-4efc-a150-cf53fb65dc68-1024x618.jpg 1024w, http:\/\/www.radnotiiskola.hu\/new\/wp-content\/uploads\/2024\/03\/9b1f600f-b491-4efc-a150-cf53fb65dc68-768x463.jpg 768w, http:\/\/www.radnotiiskola.hu\/new\/wp-content\/uploads\/2024\/03\/9b1f600f-b491-4efc-a150-cf53fb65dc68-1536x927.jpg 1536w, http:\/\/www.radnotiiskola.hu\/new\/wp-content\/uploads\/2024\/03\/9b1f600f-b491-4efc-a150-cf53fb65dc68-2048x1235.jpg 2048w\" sizes=\"auto, (max-width: 2560px) 100vw, 2560px\" \/><\/p>\n<p><img loading=\"lazy\" decoding=\"async\" class=\"size-full wp-image-3987 aligncenter\" src=\"http:\/\/www.radnotiiskola.hu\/new\/wp-content\/uploads\/2024\/03\/70524d5c-d8ce-4607-a56d-9b169250c1b1.jpg\" alt=\"\" width=\"1536\" height=\"2048\" srcset=\"http:\/\/www.radnotiiskola.hu\/new\/wp-content\/uploads\/2024\/03\/70524d5c-d8ce-4607-a56d-9b169250c1b1.jpg 1536w, http:\/\/www.radnotiiskola.hu\/new\/wp-content\/uploads\/2024\/03\/70524d5c-d8ce-4607-a56d-9b169250c1b1-225x300.jpg 225w, http:\/\/www.radnotiiskola.hu\/new\/wp-content\/uploads\/2024\/03\/70524d5c-d8ce-4607-a56d-9b169250c1b1-768x1024.jpg 768w, http:\/\/www.radnotiiskola.hu\/new\/wp-content\/uploads\/2024\/03\/70524d5c-d8ce-4607-a56d-9b169250c1b1-1152x1536.jpg 1152w\" sizes=\"auto, (max-width: 1536px) 100vw, 1536px\" \/> <img loading=\"lazy\" decoding=\"async\" class=\"size-full wp-image-3988 aligncenter\" src=\"http:\/\/www.radnotiiskola.hu\/new\/wp-content\/uploads\/2024\/03\/0e25c122-4595-45d5-b4ea-9c469799f57d.jpg\" alt=\"\" width=\"1530\" height=\"2040\" srcset=\"http:\/\/www.radnotiiskola.hu\/new\/wp-content\/uploads\/2024\/03\/0e25c122-4595-45d5-b4ea-9c469799f57d.jpg 1530w, http:\/\/www.radnotiiskola.hu\/new\/wp-content\/uploads\/2024\/03\/0e25c122-4595-45d5-b4ea-9c469799f57d-225x300.jpg 225w, http:\/\/www.radnotiiskola.hu\/new\/wp-content\/uploads\/2024\/03\/0e25c122-4595-45d5-b4ea-9c469799f57d-768x1024.jpg 768w, http:\/\/www.radnotiiskola.hu\/new\/wp-content\/uploads\/2024\/03\/0e25c122-4595-45d5-b4ea-9c469799f57d-1152x1536.jpg 1152w\" sizes=\"auto, (max-width: 1530px) 100vw, 1530px\" \/><\/p>\n","protected":false},"excerpt":{"rendered":"<p>B\u00fcszk\u00e9n tudatjuk \u00d6n\u00f6kkel, hogy iskol\u00e1nk tan\u00e1ra, Kiss L\u00e1szl\u00f3n\u00e9 Ildi n\u00e9ni nemzeti \u00fcnnep\u00fcnk\u00f6n rangos szakmai elismer\u00e9sben r\u00e9szes\u00fclt. 2024. m\u00e1rcius 14-\u00e9n a Bel\u00fcgyminiszt\u00e9rium M\u00e1rv\u00e1nyaul\u00e1j\u00e1ban vehette \u00e1t kimagasl\u00f3 szakmai tev\u00e9kenys\u00e9g\u00e9\u00e9rt a Miniszteri Elismer\u0151 Oklevelet. Szeretettel gratul\u00e1lunk \u00e9s tov\u00e1bbi munk\u00e1j\u00e1hoz sok sikert k\u00edv\u00e1nunk<\/p>\n","protected":false},"author":4,"featured_media":0,"comment_status":"closed","ping_status":"open","sticky":false,"template":"","format":"standard","meta":{"ngg_post_thumbnail":0,"footnotes":""},"categories":[54],"tags":[],"class_list":["post-3985","post","type-post","status-publish","format-standard","hentry","category-eredmenyek-2024"],"_links":{"self":[{"href":"http:\/\/www.radnotiiskola.hu\/new\/wp-json\/wp\/v2\/posts\/3985","targetHints":{"allow":["GET"]}}],"collection":[{"href":"http:\/\/www.radnotiiskola.hu\/new\/wp-json\/wp\/v2\/posts"}],"about":[{"href":"http:\/\/www.radnotiiskola.hu\/new\/wp-json\/wp\/v2\/types\/post"}],"author":[{"embeddable":true,"href":"http:\/\/www.radnotiiskola.hu\/new\/wp-json\/wp\/v2\/users\/4"}],"replies":[{"embeddable":true,"href":"http:\/\/www.radnotiiskola.hu\/new\/wp-json\/wp\/v2\/comments?post=3985"}],"version-history":[{"count":0,"href":"http:\/\/www.radnotiiskola.hu\/new\/wp-json\/wp\/v2\/posts\/3985\/revisions"}],"wp:attachment":[{"href":"http:\/\/www.radnotiiskola.hu\/new\/wp-json\/wp\/v2\/media?parent=3985"}],"wp:term":[{"taxonomy":"category","embeddable":true,"href":"http:\/\/www.radnotiiskola.hu\/new\/wp-json\/wp\/v2\/categories?post=3985"},{"taxonomy":"post_tag","embeddable":true,"href":"http:\/\/www.radnotiiskola.hu\/new\/wp-json\/wp\/v2\/tags?post=3985"}],"curies":[{"name":"wp","href":"https:\/\/api.w.org\/{rel}","templated":true}]}}