{"id":3998,"date":"2024-03-27T19:30:00","date_gmt":"2024-03-27T19:30:00","guid":{"rendered":"http:\/\/www.radnotiiskola.hu\/new\/?p=3998"},"modified":"2024-03-27T19:34:56","modified_gmt":"2024-03-27T19:34:56","slug":"intezmenyunk-2024-aprilis-havi-programja","status":"publish","type":"post","link":"http:\/\/www.radnotiiskola.hu\/new\/2024\/03\/27\/intezmenyunk-2024-aprilis-havi-programja\/","title":{"rendered":"Int\u00e9zm\u00e9ny\u00fcnk 2024 \u00e1prilis havi programja"},"content":{"rendered":"\n<p><!--more--><\/p>\n<table  class=\" table table-hover\" width=\"615\">\n<tbody>\n<tr>\n<td colspan=\"3\" width=\"615\">\n<p><strong>Gy\u0151ri Radn\u00f3ti Mikl\u00f3s \u00c1ltal\u00e1nos Iskola \u00e1prilis havi programja<\/strong><\/p>\n<\/td>\n<\/tr>\n<tr>\n<td width=\"133\">\n<p>2024.04.01.<\/p>\n<\/td>\n<td width=\"123\">\n<p>h\u00e9tf\u0151<\/p>\n<\/td>\n<td width=\"359\">\n<p>&nbsp;<\/p>\n<\/td>\n<\/tr>\n<tr>\n<td width=\"133\">\n<p>2024.04.02.<\/p>\n<\/td>\n<td width=\"123\">\n<p>kedd<\/p>\n<\/td>\n<td width=\"359\">\n<p>tavaszi sz\u00fcnet<\/p>\n<\/td>\n<\/tr>\n<tr>\n<td width=\"133\">\n<p>2024.04.03.<\/p>\n<\/td>\n<td width=\"123\">\n<p>szerda<\/p>\n<\/td>\n<td width=\"359\">\n<p>tavaszi sz\u00fcnet<\/p>\n<\/td>\n<\/tr>\n<tr>\n<td width=\"133\">\n<p>2024.04.04.<\/p>\n<\/td>\n<td width=\"123\">\n<p>cs\u00fct\u00f6rt\u00f6k<\/p>\n<\/td>\n<td width=\"359\">\n<p>tavaszi sz\u00fcnet<\/p>\n<\/td>\n<\/tr>\n<tr>\n<td width=\"133\">\n<p>2024.04.05.<\/p>\n<\/td>\n<td width=\"123\">\n<p>p\u00e9ntek<\/p>\n<\/td>\n<td width=\"359\">\n<p>tavaszi sz\u00fcnet<\/p>\n<\/td>\n<\/tr>\n<tr>\n<td width=\"133\">\n<p>2024.04.06.<\/p>\n<\/td>\n<td width=\"123\">\n<p>szombat<\/p>\n<\/td>\n<td width=\"359\">\n<p>&nbsp;<\/p>\n<\/td>\n<\/tr>\n<tr>\n<td width=\"133\">\n<p>2024.04.07.<\/p>\n<\/td>\n<td width=\"123\">\n<p>vas\u00e1rnap<\/p>\n<\/td>\n<td width=\"359\">\n<p>&nbsp;<\/p>\n<\/td>\n<\/tr>\n<tr>\n<td width=\"133\">\n<p>2024.04.08.<\/p>\n<\/td>\n<td width=\"123\">\n<p>h\u00e9tf\u0151<\/p>\n<\/td>\n<td width=\"359\">\n<p>Tavaszi sz\u00fcnet ut\u00e1ni els\u0151 tan\u00edt\u00e1si nap<\/p>\n<p>Digit\u00e1lis t\u00e9mah\u00e9t<\/p>\n<p>felel\u0151s: Kov\u00e1csn\u00e9 Szab\u00f3 Judit, Hajba-Varga T\u00edmea<\/p>\n<p>T\u00e9ma: Holokauszt \u00e9vfordul\u00f3<\/p>\n<p>K\u00f6z\u00e9piskolai jelentkez\u00e9sek m\u00f3dos\u00edt\u00e1s\u00e1nak lehet\u0151s\u00e9ge<\/p>\n<p>felel\u0151s: Radv\u00e1nszki M\u00f3nika<\/p>\n<\/td>\n<\/tr>\n<tr>\n<td width=\"133\">\n<p>2024.04.09.<\/p>\n<\/td>\n<td width=\"123\">\n<p>kedd<\/p>\n<\/td>\n<td width=\"359\">\n<p>K\u00f6z\u00e9piskolai jelentkez\u00e9sek m\u00f3dos\u00edt\u00e1s\u00e1nak lehet\u0151s\u00e9ge<\/p>\n<p>felel\u0151s: Radv\u00e1nszki M\u00f3nika<\/p>\n<p>7.a oszt\u00e1ly Hat\u00e1rtalanul t\u00e9manap<\/p>\n<p>felel\u0151s:Sulyokn\u00e9 Kelemen Judit<\/p>\n<\/td>\n<\/tr>\n<tr>\n<td width=\"133\">\n<p>2024.04.10.<\/p>\n<\/td>\n<td width=\"123\">\n<p>szerda<\/p>\n<\/td>\n<td width=\"359\">\n<p>7.a oszt\u00e1ly Hat\u00e1rtalanul p\u00e1ly\u00e1zat keret\u00e9ben kir\u00e1ndul\u00e1s a Felvid\u00e9kre<\/p>\n<p>felel\u0151s: Sulyokn\u00e9 Kelemen Judit, Kov\u00e1csn\u00e9 Sz. Judit<\/p>\n<p>Belv\u00e1rosi Suliv\u00e1r\u00f3<\/p>\n<p>felel\u0151s:Czap\u00e1ryn\u00e9 Nagy Alexandra<\/p>\n<p>K\u00f6z\u00e9piskolai jelentkez\u00e9sek m\u00f3dos\u00edt\u00e1s\u00e1nak lehet\u0151s\u00e9ge<\/p>\n<p>felel\u0151s: Radv\u00e1nszki M\u00f3nika<\/p>\n<\/td>\n<\/tr>\n<tr>\n<td width=\"133\">\n<p>2024.04.11.<\/p>\n<\/td>\n<td width=\"123\">\n<p>cs\u00fct\u00f6rt\u00f6k<\/p>\n<\/td>\n<td width=\"359\">\n<p>7.a oszt\u00e1ly Hat\u00e1rtalanul p\u00e1ly\u00e1zat keret\u00e9ben kir\u00e1ndul\u00e1s a Felvid\u00e9kre<\/p>\n<p>felel\u0151s: Sulyokn\u00e9 Kelemen Judit, Kov\u00e1csn\u00e9 Sz. Judit<\/p>\n<p>K\u00f6lt\u00e9szet napja: H\u00e1zi szaval\u00f3verseny<\/p>\n<p>felel\u0151s: Harcs\u00e1n\u00e9 Auerbach Petra, F\u00e1bi\u00e1n Judit<\/p>\n<\/td>\n<\/tr>\n<tr>\n<td width=\"133\">\n<p>2024.04.12.<\/p>\n<\/td>\n<td width=\"123\">\n<p>p\u00e9ntek<\/p>\n<\/td>\n<td width=\"359\">\n<p>7.a oszt\u00e1ly Hat\u00e1rtalanul p\u00e1ly\u00e1zat keret\u00e9ben kir\u00e1ndul\u00e1s a Felvid\u00e9kre<\/p>\n<p>felel\u0151s: Sulyokn\u00e9 Kelemen Judit, Kov\u00e1csn\u00e9 Sz. Judit<\/p>\n<p>&nbsp;<\/p>\n<\/td>\n<\/tr>\n<tr>\n<td width=\"133\">\n<p>2024.04.13.<\/p>\n<\/td>\n<td width=\"123\">\n<p>szombat<\/p>\n<\/td>\n<td width=\"359\">\n<p>&nbsp;<\/p>\n<\/td>\n<\/tr>\n<tr>\n<td width=\"133\">\n<p>2024.04.14.<\/p>\n<\/td>\n<td width=\"123\">\n<p>vas\u00e1rnap<\/p>\n<\/td>\n<td width=\"359\">\n<p>&nbsp;<\/p>\n<\/td>\n<\/tr>\n<tr>\n<td width=\"133\">\n<p>2024.04.15.<\/p>\n<\/td>\n<td width=\"123\">\n<p>h\u00e9tf\u0151<\/p>\n<\/td>\n<td width=\"359\">\n<p>&nbsp;<\/p>\n<\/td>\n<\/tr>\n<tr>\n<td width=\"133\">\n<p>2024.04.16.<\/p>\n<\/td>\n<td width=\"123\">\n<p>kedd<\/p>\n<\/td>\n<td width=\"359\">\n<p>Alap\u00edtv\u00e1nyi pap\u00edrgy\u0171jt\u00e9s<\/p>\n<p>felel\u0151s: Harcs\u00e1n\u00e9 Auerbach Petra<\/p>\n<p>Holokauszt \u00e9vfordul\u00f3 a Richter teremben<\/p>\n<p>felel\u0151s: Hajba-Varga T\u00edmea<\/p>\n<p>7.a \u00e9s 8.a A gy\u0151ri zsid\u00f3s\u00e1g t\u00f6rt\u00e9nete, online tananyag kipr\u00f3b\u00e1l\u00e1sa<\/p>\n<p>felel\u0151s: Sulyokn\u00e9 Kelemen Judit<\/p>\n<\/td>\n<\/tr>\n<tr>\n<td width=\"133\">\n<p>2024.04.17.<\/p>\n<\/td>\n<td width=\"123\">\n<p>szerda<\/p>\n<\/td>\n<td width=\"359\">\n<p>Belv\u00e1rosi Suliv\u00e1r\u00f3<\/p>\n<p>felel\u0151s: Hajba-Varga T\u00edmea<\/p>\n<p>&nbsp;<\/p>\n<\/td>\n<\/tr>\n<tr>\n<td width=\"133\">\n<p>2024.04.18.<\/p>\n<\/td>\n<td width=\"123\">\n<p>cs\u00fct\u00f6rt\u00f6k<\/p>\n<\/td>\n<td width=\"359\">\n<p>16-17 \u00f3ra Fogad\u00f3\u00f3ra<\/p>\n<p>17-18 \u00f3ra Rend\u0151rs\u00e9gi el\u0151ad\u00e1s sz\u00fcl\u0151k \u00e9s pedag\u00f3gusok r\u00e9sz\u00e9re<\/p>\n<p>T\u00e9ma: Leg\u00e1lis \u00e9s illeg\u00e1lis szerek vesz\u00e9lyei<\/p>\n<p>felel\u0151s: Balatoni L\u00edvia<\/p>\n<p>8-19 \u00f3ra Leend\u0151 1. oszt\u00e1lyosok be\u00edrat\u00e1sa<\/p>\n<p>felel\u0151s: Sulyokn\u00e9 Kelemen Judit<\/p>\n<\/td>\n<\/tr>\n<tr>\n<td width=\"133\">\n<p>2024.04.19.<\/p>\n<\/td>\n<td width=\"123\">\n<p>p\u00e9ntek<\/p>\n<\/td>\n<td width=\"359\">\n<p>8-19 \u00f3ra Leend\u0151 1. oszt\u00e1lyosok be\u00edrat\u00e1sa<\/p>\n<p>felel\u0151s: Juh\u00e1szn\u00e9 Csordos T\u00fcnde<\/p>\n<\/td>\n<\/tr>\n<tr>\n<td width=\"133\">\n<p>2024.04.20.<\/p>\n<\/td>\n<td width=\"123\">\n<p>szombat<\/p>\n<\/td>\n<td width=\"359\">\n<p>&nbsp;<\/p>\n<\/td>\n<\/tr>\n<tr>\n<td width=\"133\">\n<p>2024.04.21.<\/p>\n<\/td>\n<td width=\"123\">\n<p>vas\u00e1rnap<\/p>\n<\/td>\n<td width=\"359\">\n<p>&nbsp;<\/p>\n<\/td>\n<\/tr>\n<tr>\n<td width=\"133\">\n<p>2024.04.22.<\/p>\n<\/td>\n<td width=\"123\">\n<p>h\u00e9tf\u0151<\/p>\n<\/td>\n<td width=\"359\">\n<p>Fenntarthat\u00f3s\u00e1gi t\u00e9mah\u00e9t<\/p>\n<p>felel\u0151s: Fut\u00f3 P\u00e9ter<\/p>\n<\/td>\n<\/tr>\n<tr>\n<td width=\"133\">\n<p>2024.04.23.<\/p>\n<\/td>\n<td width=\"123\">\n<p>kedd<\/p>\n<\/td>\n<td width=\"359\">\n<p>&nbsp;<\/p>\n<\/td>\n<\/tr>\n<tr>\n<td width=\"133\">\n<p>2024.04.24.<\/p>\n<\/td>\n<td width=\"123\">\n<p>szerda<\/p>\n<\/td>\n<td width=\"359\">\n<p>Belv\u00e1rosi Suliv\u00e1r\u00f3<\/p>\n<p>felel\u0151s: Kolossv\u00e1ryn\u00e9 Szunyogh Csilla<\/p>\n<p>&nbsp;<\/p>\n<\/td>\n<\/tr>\n<tr>\n<td width=\"133\">\n<p>2024.04.25.<\/p>\n<\/td>\n<td width=\"123\">\n<p>cs\u00fct\u00f6rt\u00f6k<\/p>\n<\/td>\n<td width=\"359\">\n<p>&nbsp;<\/p>\n<\/td>\n<\/tr>\n<tr>\n<td width=\"133\">\n<p>2024.04.26.<\/p>\n<\/td>\n<td width=\"123\">\n<p>p\u00e9ntek<\/p>\n<\/td>\n<td width=\"359\">\n<p>&nbsp;<\/p>\n<\/td>\n<\/tr>\n<tr>\n<td width=\"133\">\n<p>2024.04.27.<\/p>\n<\/td>\n<td width=\"123\">\n<p>szombat<\/p>\n<\/td>\n<td width=\"359\">\n<p>Bakonyi kir\u00e1ndul\u00e1s<\/p>\n<p>felel\u0151s: Harcs\u00e1n\u00e9 Auerbach Petra, Kiss L\u00e1szl\u00f3n\u00e9<\/p>\n<\/td>\n<\/tr>\n<tr>\n<td width=\"133\">\n<p>2024.04.28.<\/p>\n<\/td>\n<td width=\"123\">\n<p>vas\u00e1rnap<\/p>\n<\/td>\n<td width=\"359\">\n<p>&nbsp;<\/p>\n<\/td>\n<\/tr>\n<tr>\n<td width=\"133\">\n<p>2024.04.29.<\/p>\n<\/td>\n<td width=\"123\">\n<p>h\u00e9tf\u0151<\/p>\n<\/td>\n<td width=\"359\">\n<p>Alapm\u0171veleti m\u00e9r\u00e9s a 4. \u00e9vfolyamon<\/p>\n<p>felel\u0151s: Juh\u00e1szn\u00e9 Csordos T\u00fcnde<\/p>\n<p>7.a Magyars\u00e1g H\u00e1za<\/p>\n<p>felel\u0151s: Sulyokn\u00e9 Kelemen Judit, Kov\u00e1csn\u00e9 Szab\u00f3 Judit<\/p>\n<p>8.a Digit\u00e1lis orsz\u00e1gos m\u00e9r\u00e9s: sz\u00f6veg\u00e9rt\u00e9s, matematika<\/p>\n<p>felel\u0151s: Juh\u00e1szn\u00e9, Radv\u00e1nszki M\u00f3nika<\/p>\n<\/td>\n<\/tr>\n<tr>\n<td width=\"133\">\n<p>2024.04.30.<\/p>\n<\/td>\n<td width=\"123\">\n<p>kedd<\/p>\n<\/td>\n<td width=\"359\">\n<p>8.a Digit\u00e1lis orsz\u00e1gos m\u00e9r\u00e9s: term\u00e9szettudom\u00e1ny, idegen nyelv<\/p>\n<p>felel\u0151s: Juh\u00e1szn\u00e9, Radv\u00e1nszki M\u00f3nika<\/p>\n<\/td>\n<\/tr>\n<\/tbody>\n<\/table>\n","protected":false},"excerpt":{"rendered":"","protected":false},"author":4,"featured_media":0,"comment_status":"closed","ping_status":"open","sticky":false,"template":"","format":"standard","meta":{"ngg_post_thumbnail":0,"footnotes":""},"categories":[56],"tags":[],"class_list":["post-3998","post","type-post","status-publish","format-standard","hentry","category-havi-programok-2024"],"_links":{"self":[{"href":"http:\/\/www.radnotiiskola.hu\/new\/wp-json\/wp\/v2\/posts\/3998","targetHints":{"allow":["GET"]}}],"collection":[{"href":"http:\/\/www.radnotiiskola.hu\/new\/wp-json\/wp\/v2\/posts"}],"about":[{"href":"http:\/\/www.radnotiiskola.hu\/new\/wp-json\/wp\/v2\/types\/post"}],"author":[{"embeddable":true,"href":"http:\/\/www.radnotiiskola.hu\/new\/wp-json\/wp\/v2\/users\/4"}],"replies":[{"embeddable":true,"href":"http:\/\/www.radnotiiskola.hu\/new\/wp-json\/wp\/v2\/comments?post=3998"}],"version-history":[{"count":0,"href":"http:\/\/www.radnotiiskola.hu\/new\/wp-json\/wp\/v2\/posts\/3998\/revisions"}],"wp:attachment":[{"href":"http:\/\/www.radnotiiskola.hu\/new\/wp-json\/wp\/v2\/media?parent=3998"}],"wp:term":[{"taxonomy":"category","embeddable":true,"href":"http:\/\/www.radnotiiskola.hu\/new\/wp-json\/wp\/v2\/categories?post=3998"},{"taxonomy":"post_tag","embeddable":true,"href":"http:\/\/www.radnotiiskola.hu\/new\/wp-json\/wp\/v2\/tags?post=3998"}],"curies":[{"name":"wp","href":"https:\/\/api.w.org\/{rel}","templated":true}]}}