{"id":4010,"date":"2024-04-30T09:21:05","date_gmt":"2024-04-30T09:21:05","guid":{"rendered":"http:\/\/www.radnotiiskola.hu\/new\/?p=4010"},"modified":"2024-04-30T09:28:37","modified_gmt":"2024-04-30T09:28:37","slug":"az-ai-es-az-idoutazas","status":"publish","type":"post","link":"http:\/\/www.radnotiiskola.hu\/new\/2024\/04\/30\/az-ai-es-az-idoutazas\/","title":{"rendered":"Az AI \u00e9s az id\u0151utaz\u00e1s"},"content":{"rendered":"\n<p style=\"text-align: justify;\">Tanul\u00f3ink \u00e1ltal k\u00e9sz\u00edtett vide\u00f3t \u00e9s t\u00f6rt\u00e9netet mutatjuk be, mely a Digit\u00e1lis T\u00e9mah\u00e9t keret\u00e9ben k\u00e9sz\u00fcl el. A hatodik oszt\u00e1lyos di\u00e1kjaink t\u00f6rt\u00e9netet \u00edrtak, melyet Bee -botokkal \u00e9s humanoid robottal j\u00e1tszottak el \u00e9s t\u00e9m\u00e1j\u00e1ul egy megt\u00f6rt\u00e9nt t\u00f6rt\u00e9nelmi esem\u00e9nyt v\u00e1lasztottak. A megfogalmazott r\u00f6vid sz\u00f6veg arra a k\u00e9rd\u00e9sre keresi a v\u00e1laszt, hogy befoly\u00e1solhatta volna-e a mesters\u00e9ges intelligencia egy val\u00f3s t\u00f6rt\u00e9nelmi esem\u00e9ny v\u00e9gkimenetel\u00e9t. Aki k\u00edv\u00e1ncsi a v\u00e1laszra, tekintse meg a vide\u00f3t, amely csak egy alternat\u00edv val\u00f3s\u00e1got jelen\u00edt meg. <!--more--><\/p>\n<p><a href=\"https:\/\/drive.google.com\/file\/d\/1d-kfz05WqZdEsejrtUinbm_P5MySp-fM\/view?usp=sharing\"><video controls=\"controls\" width=\"334\" height=\"334\">\n<source src=\"https:\/\/drive.google.com\/file\/d\/1d-kfz05WqZdEsejrtUinbm_P5MySp-fM\/view?usp=sharing\"><\/video><\/a><\/p>\n<p>&nbsp;<\/p>\n<p>&nbsp;<\/p>\n","protected":false},"excerpt":{"rendered":"<p>Tanul\u00f3ink \u00e1ltal k\u00e9sz\u00edtett vide\u00f3t \u00e9s t\u00f6rt\u00e9netet mutatjuk be, mely a Digit\u00e1lis T\u00e9mah\u00e9t keret\u00e9ben k\u00e9sz\u00fcl el. A hatodik oszt\u00e1lyos di\u00e1kjaink t\u00f6rt\u00e9netet \u00edrtak, melyet Bee -botokkal \u00e9s humanoid robottal j\u00e1tszottak el \u00e9s t\u00e9m\u00e1j\u00e1ul egy megt\u00f6rt\u00e9nt t\u00f6rt\u00e9nelmi esem\u00e9nyt v\u00e1lasztottak. A megfogalmazott r\u00f6vid sz\u00f6veg arra a k\u00e9rd\u00e9sre keresi a v\u00e1laszt, hogy befoly\u00e1solhatta volna-e a mesters\u00e9ges intelligencia egy val\u00f3s t\u00f6rt\u00e9nelmi [&hellip;]<\/p>\n","protected":false},"author":4,"featured_media":0,"comment_status":"closed","ping_status":"open","sticky":false,"template":"","format":"standard","meta":{"ngg_post_thumbnail":0,"footnotes":""},"categories":[54,28],"tags":[],"class_list":["post-4010","post","type-post","status-publish","format-standard","hentry","category-eredmenyek-2024","category-esemenyek-2019"],"_links":{"self":[{"href":"http:\/\/www.radnotiiskola.hu\/new\/wp-json\/wp\/v2\/posts\/4010","targetHints":{"allow":["GET"]}}],"collection":[{"href":"http:\/\/www.radnotiiskola.hu\/new\/wp-json\/wp\/v2\/posts"}],"about":[{"href":"http:\/\/www.radnotiiskola.hu\/new\/wp-json\/wp\/v2\/types\/post"}],"author":[{"embeddable":true,"href":"http:\/\/www.radnotiiskola.hu\/new\/wp-json\/wp\/v2\/users\/4"}],"replies":[{"embeddable":true,"href":"http:\/\/www.radnotiiskola.hu\/new\/wp-json\/wp\/v2\/comments?post=4010"}],"version-history":[{"count":0,"href":"http:\/\/www.radnotiiskola.hu\/new\/wp-json\/wp\/v2\/posts\/4010\/revisions"}],"wp:attachment":[{"href":"http:\/\/www.radnotiiskola.hu\/new\/wp-json\/wp\/v2\/media?parent=4010"}],"wp:term":[{"taxonomy":"category","embeddable":true,"href":"http:\/\/www.radnotiiskola.hu\/new\/wp-json\/wp\/v2\/categories?post=4010"},{"taxonomy":"post_tag","embeddable":true,"href":"http:\/\/www.radnotiiskola.hu\/new\/wp-json\/wp\/v2\/tags?post=4010"}],"curies":[{"name":"wp","href":"https:\/\/api.w.org\/{rel}","templated":true}]}}