{"id":4027,"date":"2024-04-25T13:26:00","date_gmt":"2024-04-25T13:26:00","guid":{"rendered":"http:\/\/www.radnotiiskola.hu\/new\/?p=4027"},"modified":"2024-05-06T13:29:50","modified_gmt":"2024-05-06T13:29:50","slug":"belvarosi-sulivaro-44","status":"publish","type":"post","link":"http:\/\/www.radnotiiskola.hu\/new\/2024\/04\/25\/belvarosi-sulivaro-44\/","title":{"rendered":"BELV\u00c1ROSI SULIV\u00c1R\u00d3"},"content":{"rendered":"\n<p style=\"text-align: justify;\"><img loading=\"lazy\" decoding=\"async\" class=\"size-full wp-image-4028 alignright\" src=\"http:\/\/www.radnotiiskola.hu\/new\/wp-content\/uploads\/2024\/05\/tanoda.png\" alt=\"\" width=\"358\" height=\"335\" srcset=\"http:\/\/www.radnotiiskola.hu\/new\/wp-content\/uploads\/2024\/05\/tanoda.png 358w, http:\/\/www.radnotiiskola.hu\/new\/wp-content\/uploads\/2024\/05\/tanoda-300x281.png 300w\" sizes=\"auto, (max-width: 358px) 100vw, 358px\" \/>A 2008-as tan\u00e9vt\u0151l hagyom\u00e1ny, hogy iskol\u00e1nkban iskolael\u0151k\u00e9sz\u00edt\u0151 foglalkoz\u00e1sokat tartunk heti szinten az \u00f3vod\u00e1s gyermekek sz\u00e1m\u00e1ra.<br>A c\u00e9l a kezdetekt\u0151l v\u00e1ltozatlan<strong>:<\/strong> j\u00e1t\u00e9kos, mozg\u00e1sos, bar\u00e1ts\u00e1gos l\u00e9gk\u00f6r\u0171 foglalkoz\u00e1sokon fejleszteni az iskol\u00e1ba k\u00e9sz\u00fcl\u0151 gyerekek azon k\u00e9pess\u00e9geit, amelyek a sikeres, z\u00f6kken\u0151mentes iskolakezd\u00e9shez sz\u00fcks\u00e9gesek. Int\u00e9zm\u00e9ny\u00fcnk arculat\u00e1hoz kapcsol\u00f3dva az alapk\u00e9szs\u00e9gek fejleszt\u00e9se mellett idegennyelvi alapoz\u00e1s, illetve a digit\u00e1lis kompetencia fejleszt\u00e9se is jelen van.<!--more--><br>A foglalkoz\u00e1sokat t\u00f6bbs\u00e9g\u00e9ben als\u00f3s tan\u00edt\u00f3k tartj\u00e1k, heti v\u00e1lt\u00e1sban. A leend\u0151 els\u0151s tan\u00edt\u00f3k mindig r\u00e9szesei a csapatnak, hiszen m\u00e1r \u00edgy iskolakezd\u00e9s el\u0151tt megismerkedhetnek kis tan\u00edtv\u00e1nyaikkal.<\/p>\n<p style=\"text-align: justify;\">Az idei tan\u00e9vben: Kolossv\u00e1ryn\u00e9 Szunyogh Csilla, T\u00f6rk\u00f6ly Enik\u0151, Czap\u00e1ryn\u00e9 Nagy Alexandra \u00e9s Hajba-Varga T\u00edmea tartott\u00e1k a sz\u00ednvonalas foglalkoz\u00e1sokat. A munk\u00e1t Kov\u00e1csn\u00e9 Szab\u00f3 Judit koll\u00e9gan\u0151 is seg\u00edtette. A programok az iskola honlapj\u00e1n, Facebook oldal\u00e1n \u00e9s a helyi Kisalf\u00f6ld napilapban is megjelen\u00e9sre ker\u00fcltek.<br>Az \u00f3vodai \u201etan\u00f3r\u00e1k\u201d ingyenesek voltak. Iskol\u00e1nk kapuja pedig tov\u00e1bbra is minden leend\u0151 els\u0151s el\u0151tt nyitva fog \u00e1llni.<br>\u00cdgy volt ez az id\u00e9n is. Az utols\u00f3 foglalkoz\u00e1son r\u00e9sztvev\u0151 gyerekek elismer\u0151 oklevelet \u00e9s aj\u00e1nd\u00e9kot vehettek \u00e1t!<\/p>\n<p><strong>S\u00fct\u00f6rin\u00e9 Hada Ildik\u00f3<br><\/strong>a program felel\u0151se<br>als\u00f3s munkak\u00fc\u00f6z\u00f6ss\u00e9g-vezet\u0151<\/p>\n","protected":false},"excerpt":{"rendered":"<p>A 2008-as tan\u00e9vt\u0151l hagyom\u00e1ny, hogy iskol\u00e1nkban iskolael\u0151k\u00e9sz\u00edt\u0151 foglalkoz\u00e1sokat tartunk heti szinten az \u00f3vod\u00e1s gyermekek sz\u00e1m\u00e1ra.A c\u00e9l a kezdetekt\u0151l v\u00e1ltozatlan: j\u00e1t\u00e9kos, mozg\u00e1sos, bar\u00e1ts\u00e1gos l\u00e9gk\u00f6r\u0171 foglalkoz\u00e1sokon fejleszteni az iskol\u00e1ba k\u00e9sz\u00fcl\u0151 gyerekek azon k\u00e9pess\u00e9geit, amelyek a sikeres, z\u00f6kken\u0151mentes iskolakezd\u00e9shez sz\u00fcks\u00e9gesek. Int\u00e9zm\u00e9ny\u00fcnk arculat\u00e1hoz kapcsol\u00f3dva az alapk\u00e9szs\u00e9gek fejleszt\u00e9se mellett idegennyelvi alapoz\u00e1s, illetve a digit\u00e1lis kompetencia fejleszt\u00e9se is jelen van.<\/p>\n","protected":false},"author":4,"featured_media":0,"comment_status":"closed","ping_status":"open","sticky":false,"template":"","format":"standard","meta":{"ngg_post_thumbnail":0,"footnotes":""},"categories":[28],"tags":[],"class_list":["post-4027","post","type-post","status-publish","format-standard","hentry","category-esemenyek-2019"],"_links":{"self":[{"href":"http:\/\/www.radnotiiskola.hu\/new\/wp-json\/wp\/v2\/posts\/4027","targetHints":{"allow":["GET"]}}],"collection":[{"href":"http:\/\/www.radnotiiskola.hu\/new\/wp-json\/wp\/v2\/posts"}],"about":[{"href":"http:\/\/www.radnotiiskola.hu\/new\/wp-json\/wp\/v2\/types\/post"}],"author":[{"embeddable":true,"href":"http:\/\/www.radnotiiskola.hu\/new\/wp-json\/wp\/v2\/users\/4"}],"replies":[{"embeddable":true,"href":"http:\/\/www.radnotiiskola.hu\/new\/wp-json\/wp\/v2\/comments?post=4027"}],"version-history":[{"count":0,"href":"http:\/\/www.radnotiiskola.hu\/new\/wp-json\/wp\/v2\/posts\/4027\/revisions"}],"wp:attachment":[{"href":"http:\/\/www.radnotiiskola.hu\/new\/wp-json\/wp\/v2\/media?parent=4027"}],"wp:term":[{"taxonomy":"category","embeddable":true,"href":"http:\/\/www.radnotiiskola.hu\/new\/wp-json\/wp\/v2\/categories?post=4027"},{"taxonomy":"post_tag","embeddable":true,"href":"http:\/\/www.radnotiiskola.hu\/new\/wp-json\/wp\/v2\/tags?post=4027"}],"curies":[{"name":"wp","href":"https:\/\/api.w.org\/{rel}","templated":true}]}}