{"id":4030,"date":"2024-04-29T13:37:00","date_gmt":"2024-04-29T13:37:00","guid":{"rendered":"http:\/\/www.radnotiiskola.hu\/new\/?p=4030"},"modified":"2024-05-06T13:43:42","modified_gmt":"2024-05-06T13:43:42","slug":"kirandulas-a-bakonyban","status":"publish","type":"post","link":"http:\/\/www.radnotiiskola.hu\/new\/2024\/04\/29\/kirandulas-a-bakonyban\/","title":{"rendered":"Kir\u00e1ndul\u00e1s a Bakonyban"},"content":{"rendered":"\n<p style=\"text-align: center;\">2024. \u00e1prilis 27.<\/p>\n<p style=\"text-align: center;\"><strong><em>&nbsp;<\/em><\/strong><em>\u201e\u00c9sszel nehezen befogadhat\u00f3 <\/em><\/p>\n<p style=\"text-align: center;\"><em>az a sok sz\u00e9ps\u00e9g, amit itt l\u00e1that\u00f3. <\/em><\/p>\n<p style=\"text-align: center;\"><em>Szel\u00edd b\u00e9rcek, sz\u00e9p v\u00f6lgyek, vad hegyek! <\/em><\/p>\n<p style=\"text-align: center;\"><em>\u00cdgy, egy\u00fctt maga a Bakony-rengeteg!\u201d<\/em><\/p>\n<p style=\"text-align: center;\"><em>(Hal\u00e1sz Istv\u00e1n)<\/em><\/p>\n<p style=\"text-align: center;\"><strong><em>&nbsp;<\/em><\/strong><\/p>\n<p style=\"text-align: justify;\"><img loading=\"lazy\" decoding=\"async\" class=\"alignnone size-full wp-image-4031\" src=\"http:\/\/www.radnotiiskola.hu\/new\/wp-content\/uploads\/2024\/05\/e9ddacc6-e9d0-48a0-8952-2c0a5e4bf3fc.jpg\" alt=\"\" width=\"1632\" height=\"1224\" srcset=\"http:\/\/www.radnotiiskola.hu\/new\/wp-content\/uploads\/2024\/05\/e9ddacc6-e9d0-48a0-8952-2c0a5e4bf3fc.jpg 1632w, http:\/\/www.radnotiiskola.hu\/new\/wp-content\/uploads\/2024\/05\/e9ddacc6-e9d0-48a0-8952-2c0a5e4bf3fc-300x225.jpg 300w, http:\/\/www.radnotiiskola.hu\/new\/wp-content\/uploads\/2024\/05\/e9ddacc6-e9d0-48a0-8952-2c0a5e4bf3fc-1024x768.jpg 1024w, http:\/\/www.radnotiiskola.hu\/new\/wp-content\/uploads\/2024\/05\/e9ddacc6-e9d0-48a0-8952-2c0a5e4bf3fc-768x576.jpg 768w, http:\/\/www.radnotiiskola.hu\/new\/wp-content\/uploads\/2024\/05\/e9ddacc6-e9d0-48a0-8952-2c0a5e4bf3fc-1536x1152.jpg 1536w\" sizes=\"auto, (max-width: 1632px) 100vw, 1632px\" \/>Iskol\u00e1nk fontos c\u00e9lk\u00e9nt t\u0171zte ki a sz\u00fcl\u0151kkel val\u00f3 kapcsolattart\u00e1s er\u0151s\u00edt\u00e9s\u00e9t. <br>Ezt a c\u00e9lt szolg\u00e1lja, a hagyom\u00e1nyosan, anno sz\u00fcl\u0151i kezdem\u00e9nyez\u00e9sre megrendez\u00e9sre ker\u00fcl\u0151, bakonyi kir\u00e1ndul\u00e1s is. Az idei t\u00far\u00e1nk \u00fatic\u00e9lja Bakonyn\u00e1na volt, s onnan a R\u00f3mai f\u00fcrd\u0151.<br>A szurdokokban igen gazdag Bakony k\u00e9ts\u00e9gk\u00edv\u00fcl legl\u00e1tv\u00e1nyosabb pontja, a Gaja Bakonyn\u00e1na \u00e9s J\u00e1sd k\u00f6z\u00f6tti \u00e1tt\u00f6r\u00e9se, a R\u00f3mai f\u00fcrd\u0151. A z\u00fag\u00f3 v\u00edzes\u00e9sek a f\u00fcgg\u0151leges sziklafalak alj\u00e1ba medenc\u00e9ket v\u00e1gtak ki, melyek \u00e1ll\u00edt\u00f3lag m\u00e1r a r\u00f3maiak idej\u00e9ben is f\u00fcrd\u0151hely\u00fcl szolg\u00e1ltak.<!--more--><\/p>\n<p style=\"text-align: justify;\"><span style=\"font-size: inherit;\">A Gaja hatalmas, t\u00e9glatest alak\u00fa sziklat\u00f6mb\u00f6kr\u0151l d\u00fcb\u00f6r\u00f6g al\u00e1 a m\u00e9lybe, k\u00fcl\u00f6n\u00f6sen csapad\u00e9kos id\u0151ben l\u00e1tv\u00e1nyos jelens\u00e9g a sziklal\u00e9pcs\u0151k\u00f6n \u00e1tbuk\u00f3, tajt\u00e9kz\u00f3 v\u00edz. A n\u00e9h\u00e1ny m\u00e9teres v\u00edzes\u00e9s \u00e9rdekes kis medenc\u00e9ket v\u00e1jt ki a szikl\u00e1ba, a patak azt\u00e1n megszel\u00edd\u00fclve folytatja \u00fatj\u00e1t a mohos, f\u00fcgg\u0151leges sziklafalak alkotta szorosban.<\/span><\/p>\n<p style=\"text-align: justify;\">Az Orsz\u00e1gos K\u00e9kt\u00fara 5 km-es szakasz\u00e1t mindenki gond n\u00e9lk\u00fcl teljes\u00edtette. A heti id\u0151j\u00e1r\u00e1snak k\u00f6sz\u00f6nhet\u0151en a R\u00f3mai f\u00fcrd\u0151n\u00e9l csod\u00e1latos l\u00e1tv\u00e1nyban volt r\u00e9sz\u00fcnk.<\/p>\n<p style=\"text-align: justify;\">A t\u00far\u00e1t k\u00f6vet\u0151en visszat\u00e9rt\u00fcnk r\u00f6gt\u00f6nz\u00f6tt t\u00e1borhely\u00fcnkh\u00f6z, ahol \u201eter\u00fclj-ter\u00fclj asztalk\u00e1m\u201d v\u00e1rt minket a sok szendviccsel.<\/p>\n<p style=\"text-align: justify;\">A lurk\u00f3k sz\u00e1m\u00e1ra igazi kalandot jelentett a nap v\u00e9g\u00e9t z\u00e1r\u00f3 j\u00e1tsz\u00f3t\u00e9ri program. Ahol a sz\u00fcl\u0151k \u00e9s pedag\u00f3gusok tov\u00e1bb pihenhett\u00e9k ki a h\u00e9t f\u00e1radalmait, egy j\u00f3les\u0151 besz\u00e9lget\u00e9s k\u00f6zben.<\/p>\n<p style=\"text-align: justify;\">Csod\u00e1latos nap volt! Tov\u00e1bbi k\u00e9pek <a href=\"https:\/\/drive.google.com\/drive\/folders\/1OKF7lPaMLtUmK8tn9UYjjqCn0jHG6hPu?usp=sharing\">IDE<\/a> kattintva tekinthet\u0151ek meg!&nbsp;<\/p>\n<p style=\"text-align: justify;\">Term\u00e9szeti gy\u00f6ngyszemekben, l\u00e1tv\u00e1nyban gazdag t\u00far\u00e1nkon r\u00e9sztvev\u0151 di\u00e1kjaink, sz\u00fcleik, nagysz\u00fcleik, s a tan\u00e1rok kellemes szabadid\u0151s programot t\u00f6lthettek el egy\u00fctt!<\/p>\n<p style=\"text-align: justify;\">Rem\u00e9lj\u00fck lesz folytat\u00e1sa!<\/p>\n<p style=\"text-align: justify;\"><strong>&nbsp;<\/strong><\/p>\n<p style=\"text-align: justify;\"><strong>A szabadid\u0151s program szervez\u0151i:<\/strong><\/p>\n<p style=\"text-align: justify;\"><strong>Kiss L\u00e1szl\u00f3n\u00e9<\/strong> (pedag\u00f3giai mk-vezet\u0151), <br><strong>Harcs\u00e1n\u00e9 Auerbach Petra<\/strong> <strong>(<\/strong>D\u00d6K-vezet\u0151) \u00e9s<br><strong>S\u00fct\u00f6rin\u00e9 Hada Ildik\u00f3 <\/strong>(als\u00f3s mk-vezet\u0151)<\/p>\n","protected":false},"excerpt":{"rendered":"<p>2024. \u00e1prilis 27. &nbsp;\u201e\u00c9sszel nehezen befogadhat\u00f3 az a sok sz\u00e9ps\u00e9g, amit itt l\u00e1that\u00f3. Szel\u00edd b\u00e9rcek, sz\u00e9p v\u00f6lgyek, vad hegyek! \u00cdgy, egy\u00fctt maga a Bakony-rengeteg!\u201d (Hal\u00e1sz Istv\u00e1n) &nbsp; Iskol\u00e1nk fontos c\u00e9lk\u00e9nt t\u0171zte ki a sz\u00fcl\u0151kkel val\u00f3 kapcsolattart\u00e1s er\u0151s\u00edt\u00e9s\u00e9t. Ezt a c\u00e9lt szolg\u00e1lja, a hagyom\u00e1nyosan, anno sz\u00fcl\u0151i kezdem\u00e9nyez\u00e9sre megrendez\u00e9sre ker\u00fcl\u0151, bakonyi kir\u00e1ndul\u00e1s is. Az idei t\u00far\u00e1nk \u00fatic\u00e9lja [&hellip;]<\/p>\n","protected":false},"author":4,"featured_media":0,"comment_status":"closed","ping_status":"open","sticky":false,"template":"","format":"standard","meta":{"ngg_post_thumbnail":0,"footnotes":""},"categories":[28],"tags":[],"class_list":["post-4030","post","type-post","status-publish","format-standard","hentry","category-esemenyek-2019"],"_links":{"self":[{"href":"http:\/\/www.radnotiiskola.hu\/new\/wp-json\/wp\/v2\/posts\/4030","targetHints":{"allow":["GET"]}}],"collection":[{"href":"http:\/\/www.radnotiiskola.hu\/new\/wp-json\/wp\/v2\/posts"}],"about":[{"href":"http:\/\/www.radnotiiskola.hu\/new\/wp-json\/wp\/v2\/types\/post"}],"author":[{"embeddable":true,"href":"http:\/\/www.radnotiiskola.hu\/new\/wp-json\/wp\/v2\/users\/4"}],"replies":[{"embeddable":true,"href":"http:\/\/www.radnotiiskola.hu\/new\/wp-json\/wp\/v2\/comments?post=4030"}],"version-history":[{"count":0,"href":"http:\/\/www.radnotiiskola.hu\/new\/wp-json\/wp\/v2\/posts\/4030\/revisions"}],"wp:attachment":[{"href":"http:\/\/www.radnotiiskola.hu\/new\/wp-json\/wp\/v2\/media?parent=4030"}],"wp:term":[{"taxonomy":"category","embeddable":true,"href":"http:\/\/www.radnotiiskola.hu\/new\/wp-json\/wp\/v2\/categories?post=4030"},{"taxonomy":"post_tag","embeddable":true,"href":"http:\/\/www.radnotiiskola.hu\/new\/wp-json\/wp\/v2\/tags?post=4030"}],"curies":[{"name":"wp","href":"https:\/\/api.w.org\/{rel}","templated":true}]}}