{"id":4038,"date":"2024-06-26T11:02:40","date_gmt":"2024-06-26T11:02:40","guid":{"rendered":"http:\/\/www.radnotiiskola.hu\/new\/?p=4038"},"modified":"2024-07-02T07:23:14","modified_gmt":"2024-07-02T07:23:14","slug":"inntezmenyi-nyari-ugyelet-rendje","status":"publish","type":"post","link":"http:\/\/www.radnotiiskola.hu\/new\/2024\/06\/26\/inntezmenyi-nyari-ugyelet-rendje\/","title":{"rendered":"Int\u00e9zm\u00e9nyvezet\u0151k ny\u00e1ri \u00fcgyeleti rendje"},"content":{"rendered":"\n<p>Tisztelt Sz\u00fcl\u0151k!&nbsp;<\/p>\n<p>Az int\u00e9zm\u00e9nyvezet\u0151k ny\u00e1ri \u00fcgyelet\u00e9nek rendj\u00e9t <a href=\"https:\/\/drive.google.com\/file\/d\/1LNX4URvKjRM9uS2IzbvCiaNW3sSC7zbN\/view?usp=sharing\" target=\"_blank\" rel=\"noopener noreferrer\">IDE<\/a> kattintva tekinthetik meg!<\/p>\n<p><img loading=\"lazy\" decoding=\"async\" class=\"alignnone size-full wp-image-4039\" src=\"http:\/\/www.radnotiiskola.hu\/new\/wp-content\/uploads\/2024\/06\/vakacio.png\" alt=\"\" width=\"614\" height=\"331\" srcset=\"http:\/\/www.radnotiiskola.hu\/new\/wp-content\/uploads\/2024\/06\/vakacio.png 614w, http:\/\/www.radnotiiskola.hu\/new\/wp-content\/uploads\/2024\/06\/vakacio-300x162.png 300w\" sizes=\"auto, (max-width: 614px) 100vw, 614px\" \/><\/p>\n","protected":false},"excerpt":{"rendered":"<p>Tisztelt Sz\u00fcl\u0151k!&nbsp; Az int\u00e9zm\u00e9nyvezet\u0151k ny\u00e1ri \u00fcgyelet\u00e9nek rendj\u00e9t IDE kattintva tekinthetik meg!<\/p>\n","protected":false},"author":4,"featured_media":0,"comment_status":"closed","ping_status":"open","sticky":false,"template":"","format":"standard","meta":{"ngg_post_thumbnail":0,"footnotes":""},"categories":[55],"tags":[],"class_list":["post-4038","post","type-post","status-publish","format-standard","hentry","category-felhivasok-2024"],"_links":{"self":[{"href":"http:\/\/www.radnotiiskola.hu\/new\/wp-json\/wp\/v2\/posts\/4038","targetHints":{"allow":["GET"]}}],"collection":[{"href":"http:\/\/www.radnotiiskola.hu\/new\/wp-json\/wp\/v2\/posts"}],"about":[{"href":"http:\/\/www.radnotiiskola.hu\/new\/wp-json\/wp\/v2\/types\/post"}],"author":[{"embeddable":true,"href":"http:\/\/www.radnotiiskola.hu\/new\/wp-json\/wp\/v2\/users\/4"}],"replies":[{"embeddable":true,"href":"http:\/\/www.radnotiiskola.hu\/new\/wp-json\/wp\/v2\/comments?post=4038"}],"version-history":[{"count":0,"href":"http:\/\/www.radnotiiskola.hu\/new\/wp-json\/wp\/v2\/posts\/4038\/revisions"}],"wp:attachment":[{"href":"http:\/\/www.radnotiiskola.hu\/new\/wp-json\/wp\/v2\/media?parent=4038"}],"wp:term":[{"taxonomy":"category","embeddable":true,"href":"http:\/\/www.radnotiiskola.hu\/new\/wp-json\/wp\/v2\/categories?post=4038"},{"taxonomy":"post_tag","embeddable":true,"href":"http:\/\/www.radnotiiskola.hu\/new\/wp-json\/wp\/v2\/tags?post=4038"}],"curies":[{"name":"wp","href":"https:\/\/api.w.org\/{rel}","templated":true}]}}