{"id":4058,"date":"2024-09-03T13:22:14","date_gmt":"2024-09-03T13:22:14","guid":{"rendered":"http:\/\/www.radnotiiskola.hu\/new\/?p=4058"},"modified":"2024-09-03T13:22:14","modified_gmt":"2024-09-03T13:22:14","slug":"szuloi-ertekezlet-4","status":"publish","type":"post","link":"http:\/\/www.radnotiiskola.hu\/new\/2024\/09\/03\/szuloi-ertekezlet-4\/","title":{"rendered":"Sz\u00fcl\u0151i \u00e9rtekezlet"},"content":{"rendered":"\n<p>Tisztelt Sz\u00fcl\u0151k!&nbsp;<\/p>\n<p>2024. 09. 05-\u00e9n cs\u00fct\u00f6rt\u00f6k\u00f6n 15:30 &#8211; t\u00f3l tartjuk int\u00e9zm\u00e9ny\u00fcnkben sz\u00fcl\u0151i v\u00e1lasztm\u00e1nyi gy\u0171l\u00e9st.&nbsp;<br>16:30-t\u00f3l az oszt\u00e1lytermekben oszt\u00e1lysz\u00fcl\u0151i \u00e9rtekezletet tartanak az oszt\u00e1lyf\u0151n\u00f6k\u00f6k.&nbsp;<\/p>\n<p>Szeretettel v\u00e1rjuk a kedves Sz\u00fcl\u0151ket!&nbsp;<\/p>\n","protected":false},"excerpt":{"rendered":"<p>Tisztelt Sz\u00fcl\u0151k!&nbsp; 2024. 09. 05-\u00e9n cs\u00fct\u00f6rt\u00f6k\u00f6n 15:30 &#8211; t\u00f3l tartjuk int\u00e9zm\u00e9ny\u00fcnkben sz\u00fcl\u0151i v\u00e1lasztm\u00e1nyi gy\u0171l\u00e9st.&nbsp;16:30-t\u00f3l az oszt\u00e1lytermekben oszt\u00e1lysz\u00fcl\u0151i \u00e9rtekezletet tartanak az oszt\u00e1lyf\u0151n\u00f6k\u00f6k.&nbsp; Szeretettel v\u00e1rjuk a kedves Sz\u00fcl\u0151ket!&nbsp;<\/p>\n","protected":false},"author":4,"featured_media":0,"comment_status":"closed","ping_status":"open","sticky":false,"template":"","format":"standard","meta":{"ngg_post_thumbnail":0,"footnotes":""},"categories":[28],"tags":[],"class_list":["post-4058","post","type-post","status-publish","format-standard","hentry","category-esemenyek-2019"],"_links":{"self":[{"href":"http:\/\/www.radnotiiskola.hu\/new\/wp-json\/wp\/v2\/posts\/4058","targetHints":{"allow":["GET"]}}],"collection":[{"href":"http:\/\/www.radnotiiskola.hu\/new\/wp-json\/wp\/v2\/posts"}],"about":[{"href":"http:\/\/www.radnotiiskola.hu\/new\/wp-json\/wp\/v2\/types\/post"}],"author":[{"embeddable":true,"href":"http:\/\/www.radnotiiskola.hu\/new\/wp-json\/wp\/v2\/users\/4"}],"replies":[{"embeddable":true,"href":"http:\/\/www.radnotiiskola.hu\/new\/wp-json\/wp\/v2\/comments?post=4058"}],"version-history":[{"count":0,"href":"http:\/\/www.radnotiiskola.hu\/new\/wp-json\/wp\/v2\/posts\/4058\/revisions"}],"wp:attachment":[{"href":"http:\/\/www.radnotiiskola.hu\/new\/wp-json\/wp\/v2\/media?parent=4058"}],"wp:term":[{"taxonomy":"category","embeddable":true,"href":"http:\/\/www.radnotiiskola.hu\/new\/wp-json\/wp\/v2\/categories?post=4058"},{"taxonomy":"post_tag","embeddable":true,"href":"http:\/\/www.radnotiiskola.hu\/new\/wp-json\/wp\/v2\/tags?post=4058"}],"curies":[{"name":"wp","href":"https:\/\/api.w.org\/{rel}","templated":true}]}}