{"id":4069,"date":"2024-09-15T16:51:00","date_gmt":"2024-09-15T16:51:00","guid":{"rendered":"http:\/\/www.radnotiiskola.hu\/new\/?p=4069"},"modified":"2024-09-23T16:55:30","modified_gmt":"2024-09-23T16:55:30","slug":"radnoti-emlekmenet","status":"publish","type":"post","link":"http:\/\/www.radnotiiskola.hu\/new\/2024\/09\/15\/radnoti-emlekmenet\/","title":{"rendered":"Radn\u00f3ti Eml\u00e9kmenet"},"content":{"rendered":"\n<p style=\"text-align: justify;\"><img loading=\"lazy\" decoding=\"async\" class=\"size-medium wp-image-4070 alignright\" src=\"http:\/\/www.radnotiiskola.hu\/new\/wp-content\/uploads\/2024\/09\/460495176_1068806161915319_4922861400482346304_n-225x300.jpg\" alt=\"\" width=\"225\" height=\"300\" srcset=\"http:\/\/www.radnotiiskola.hu\/new\/wp-content\/uploads\/2024\/09\/460495176_1068806161915319_4922861400482346304_n-225x300.jpg 225w, http:\/\/www.radnotiiskola.hu\/new\/wp-content\/uploads\/2024\/09\/460495176_1068806161915319_4922861400482346304_n-768x1024.jpg 768w, http:\/\/www.radnotiiskola.hu\/new\/wp-content\/uploads\/2024\/09\/460495176_1068806161915319_4922861400482346304_n-1152x1536.jpg 1152w, http:\/\/www.radnotiiskola.hu\/new\/wp-content\/uploads\/2024\/09\/460495176_1068806161915319_4922861400482346304_n.jpg 1536w\" sizes=\"auto, (max-width: 225px) 100vw, 225px\" \/>Id\u00e9n is nagy l\u00e9tsz\u00e1mmal vett r\u00e9szt iskol\u00e1nk szeptember 14-\u00e9n a Radn\u00f3ti-eml\u00e9kmeneten, ahol <strong>Kelemeny Kincs\u0151 7.a oszt\u00e1lyos tanul\u00f3<\/strong> szavalat\u00e1t hallgathatt\u00e1k meg a Zsinag\u00f3g\u00e1ban. Nagy k\u00f6z\u00f6ns\u00e9g el\u0151tt, b\u00e1tran \u00e9s sz\u00e9pen szavalt, b\u00fcszk\u00e9k vagyunk r\u00e1!<\/p>\n<p style=\"text-align: justify;\"><img loading=\"lazy\" decoding=\"async\" class=\"alignnone size-full wp-image-4071\" src=\"http:\/\/www.radnotiiskola.hu\/new\/wp-content\/uploads\/2024\/09\/460878525_1068806205248648_8313430924100933224_n.jpg\" alt=\"\" width=\"1200\" height=\"800\" srcset=\"http:\/\/www.radnotiiskola.hu\/new\/wp-content\/uploads\/2024\/09\/460878525_1068806205248648_8313430924100933224_n.jpg 1200w, http:\/\/www.radnotiiskola.hu\/new\/wp-content\/uploads\/2024\/09\/460878525_1068806205248648_8313430924100933224_n-300x200.jpg 300w, http:\/\/www.radnotiiskola.hu\/new\/wp-content\/uploads\/2024\/09\/460878525_1068806205248648_8313430924100933224_n-1024x683.jpg 1024w, http:\/\/www.radnotiiskola.hu\/new\/wp-content\/uploads\/2024\/09\/460878525_1068806205248648_8313430924100933224_n-768x512.jpg 768w\" sizes=\"auto, (max-width: 1200px) 100vw, 1200px\" \/><\/p>\n","protected":false},"excerpt":{"rendered":"<p>Id\u00e9n is nagy l\u00e9tsz\u00e1mmal vett r\u00e9szt iskol\u00e1nk szeptember 14-\u00e9n a Radn\u00f3ti-eml\u00e9kmeneten, ahol Kelemeny Kincs\u0151 7.a oszt\u00e1lyos tanul\u00f3 szavalat\u00e1t hallgathatt\u00e1k meg a Zsinag\u00f3g\u00e1ban. Nagy k\u00f6z\u00f6ns\u00e9g el\u0151tt, b\u00e1tran \u00e9s sz\u00e9pen szavalt, b\u00fcszk\u00e9k vagyunk r\u00e1!<\/p>\n","protected":false},"author":4,"featured_media":0,"comment_status":"closed","ping_status":"open","sticky":false,"template":"","format":"standard","meta":{"ngg_post_thumbnail":0,"footnotes":""},"categories":[28],"tags":[],"class_list":["post-4069","post","type-post","status-publish","format-standard","hentry","category-esemenyek-2019"],"_links":{"self":[{"href":"http:\/\/www.radnotiiskola.hu\/new\/wp-json\/wp\/v2\/posts\/4069","targetHints":{"allow":["GET"]}}],"collection":[{"href":"http:\/\/www.radnotiiskola.hu\/new\/wp-json\/wp\/v2\/posts"}],"about":[{"href":"http:\/\/www.radnotiiskola.hu\/new\/wp-json\/wp\/v2\/types\/post"}],"author":[{"embeddable":true,"href":"http:\/\/www.radnotiiskola.hu\/new\/wp-json\/wp\/v2\/users\/4"}],"replies":[{"embeddable":true,"href":"http:\/\/www.radnotiiskola.hu\/new\/wp-json\/wp\/v2\/comments?post=4069"}],"version-history":[{"count":0,"href":"http:\/\/www.radnotiiskola.hu\/new\/wp-json\/wp\/v2\/posts\/4069\/revisions"}],"wp:attachment":[{"href":"http:\/\/www.radnotiiskola.hu\/new\/wp-json\/wp\/v2\/media?parent=4069"}],"wp:term":[{"taxonomy":"category","embeddable":true,"href":"http:\/\/www.radnotiiskola.hu\/new\/wp-json\/wp\/v2\/categories?post=4069"},{"taxonomy":"post_tag","embeddable":true,"href":"http:\/\/www.radnotiiskola.hu\/new\/wp-json\/wp\/v2\/tags?post=4069"}],"curies":[{"name":"wp","href":"https:\/\/api.w.org\/{rel}","templated":true}]}}