{"id":4094,"date":"2024-10-07T05:14:35","date_gmt":"2024-10-07T05:14:35","guid":{"rendered":"http:\/\/www.radnotiiskola.hu\/new\/?p=4094"},"modified":"2024-10-07T05:14:58","modified_gmt":"2024-10-07T05:14:58","slug":"belvarosi-sulivaro-46","status":"publish","type":"post","link":"http:\/\/www.radnotiiskola.hu\/new\/2024\/10\/07\/belvarosi-sulivaro-46\/","title":{"rendered":"BELV\u00c1ROSI SULIV\u00c1R\u00d3"},"content":{"rendered":"\n<p style=\"text-align: center;\"><strong><em>2024. okt\u00f3ber 09.<\/em><\/strong><\/p>\n<p style=\"text-align: justify;\"><img loading=\"lazy\" decoding=\"async\" class=\"size-thumbnail wp-image-4095 alignright\" src=\"http:\/\/www.radnotiiskola.hu\/new\/wp-content\/uploads\/2024\/10\/fejtoro-150x150.png\" alt=\"\" width=\"150\" height=\"150\" srcset=\"http:\/\/www.radnotiiskola.hu\/new\/wp-content\/uploads\/2024\/10\/fejtoro-150x150.png 150w, http:\/\/www.radnotiiskola.hu\/new\/wp-content\/uploads\/2024\/10\/fejtoro-60x60.png 60w\" sizes=\"auto, (max-width: 150px) 100vw, 150px\" \/>A j\u00e1t\u00e9kos, mozg\u00e1sos, bar\u00e1ts\u00e1gos l\u00e9gk\u00f6r\u0171 foglalkoz\u00e1sainkon fejlesztj\u00fck, er\u0151s\u00edtj\u00fck az iskol\u00e1ba k\u00e9sz\u00fcl\u0151 gyerekek azon k\u00e9pess\u00e9geit, melyek az els\u0151 oszt\u00e1ly sikeres, z\u00f6kken\u0151mentes kezd\u00e9s\u00e9hez sz\u00fcks\u00e9gesek.<br>A foglalkoz\u00e1s 15:30-t\u00f3l 16:15-ig tart. <!--more--> <strong>A foglalkoz\u00e1s t\u00e9<\/strong><strong>m\u00e1ja:<br><\/strong>T\u00e9ri t\u00e1j\u00e9koz\u00f3d\u00e1s fejleszt\u00e9se j\u00e1t\u00e9kosan: rejtv\u00e9nyek, fejt\u00f6r\u0151k.<br>Violetta n\u00e9ni v\u00e1rja sok szeretettel az \u00f3vod\u00e1s kisgyermekeket<\/p>\n","protected":false},"excerpt":{"rendered":"<p>2024. okt\u00f3ber 09. A j\u00e1t\u00e9kos, mozg\u00e1sos, bar\u00e1ts\u00e1gos l\u00e9gk\u00f6r\u0171 foglalkoz\u00e1sainkon fejlesztj\u00fck, er\u0151s\u00edtj\u00fck az iskol\u00e1ba k\u00e9sz\u00fcl\u0151 gyerekek azon k\u00e9pess\u00e9geit, melyek az els\u0151 oszt\u00e1ly sikeres, z\u00f6kken\u0151mentes kezd\u00e9s\u00e9hez sz\u00fcks\u00e9gesek.A foglalkoz\u00e1s 15:30-t\u00f3l 16:15-ig tart.<\/p>\n","protected":false},"author":4,"featured_media":0,"comment_status":"closed","ping_status":"open","sticky":false,"template":"","format":"standard","meta":{"ngg_post_thumbnail":0,"footnotes":""},"categories":[57],"tags":[],"class_list":["post-4094","post","type-post","status-publish","format-standard","hentry","category-sulivaro-2024"],"_links":{"self":[{"href":"http:\/\/www.radnotiiskola.hu\/new\/wp-json\/wp\/v2\/posts\/4094","targetHints":{"allow":["GET"]}}],"collection":[{"href":"http:\/\/www.radnotiiskola.hu\/new\/wp-json\/wp\/v2\/posts"}],"about":[{"href":"http:\/\/www.radnotiiskola.hu\/new\/wp-json\/wp\/v2\/types\/post"}],"author":[{"embeddable":true,"href":"http:\/\/www.radnotiiskola.hu\/new\/wp-json\/wp\/v2\/users\/4"}],"replies":[{"embeddable":true,"href":"http:\/\/www.radnotiiskola.hu\/new\/wp-json\/wp\/v2\/comments?post=4094"}],"version-history":[{"count":0,"href":"http:\/\/www.radnotiiskola.hu\/new\/wp-json\/wp\/v2\/posts\/4094\/revisions"}],"wp:attachment":[{"href":"http:\/\/www.radnotiiskola.hu\/new\/wp-json\/wp\/v2\/media?parent=4094"}],"wp:term":[{"taxonomy":"category","embeddable":true,"href":"http:\/\/www.radnotiiskola.hu\/new\/wp-json\/wp\/v2\/categories?post=4094"},{"taxonomy":"post_tag","embeddable":true,"href":"http:\/\/www.radnotiiskola.hu\/new\/wp-json\/wp\/v2\/tags?post=4094"}],"curies":[{"name":"wp","href":"https:\/\/api.w.org\/{rel}","templated":true}]}}