{"id":4104,"date":"2024-09-06T14:04:00","date_gmt":"2024-09-06T14:04:00","guid":{"rendered":"http:\/\/www.radnotiiskola.hu\/new\/?p=4104"},"modified":"2024-10-13T14:21:14","modified_gmt":"2024-10-13T14:21:14","slug":"tanevnyito-unnepseg","status":"publish","type":"post","link":"http:\/\/www.radnotiiskola.hu\/new\/2024\/09\/06\/tanevnyito-unnepseg\/","title":{"rendered":"Tan\u00e9vnyit\u00f3 \u00fcnneps\u00e9g"},"content":{"rendered":"\n<p style=\"text-align: justify;\"><img loading=\"lazy\" decoding=\"async\" class=\"wp-image-4105 alignright\" src=\"http:\/\/www.radnotiiskola.hu\/new\/wp-content\/uploads\/2024\/10\/15e21201-e870-4b0e-9dd5-6c93e17c1dbd.jpg\" alt=\"\" width=\"220\" height=\"165\" srcset=\"http:\/\/www.radnotiiskola.hu\/new\/wp-content\/uploads\/2024\/10\/15e21201-e870-4b0e-9dd5-6c93e17c1dbd.jpg 2016w, http:\/\/www.radnotiiskola.hu\/new\/wp-content\/uploads\/2024\/10\/15e21201-e870-4b0e-9dd5-6c93e17c1dbd-300x225.jpg 300w, http:\/\/www.radnotiiskola.hu\/new\/wp-content\/uploads\/2024\/10\/15e21201-e870-4b0e-9dd5-6c93e17c1dbd-1024x768.jpg 1024w, http:\/\/www.radnotiiskola.hu\/new\/wp-content\/uploads\/2024\/10\/15e21201-e870-4b0e-9dd5-6c93e17c1dbd-768x576.jpg 768w, http:\/\/www.radnotiiskola.hu\/new\/wp-content\/uploads\/2024\/10\/15e21201-e870-4b0e-9dd5-6c93e17c1dbd-1536x1152.jpg 1536w\" sizes=\"auto, (max-width: 220px) 100vw, 220px\" \/>A tan\u00e9vnyit\u00f3 \u00fcnneps\u00e9g\u00fcnk 2024. szeptember 2-\u00e1n reggel sikeresen lezajlott iskol\u00e1nk tornaterm\u00e9ben. Az \u00fcnneps\u00e9g f\u00e9nypontja a kis els\u0151s\u00f6k bevonul\u00e1sa volt egy hangulatkelt\u0151 suliv\u00e1r\u00f3 zen\u00e9re. <br>Mindenki \u00e9rdekl\u0151dve, meghat\u00f3dva figyelte a megszeppent kisiskol\u00e1sokat.<!--more--><\/p>\n<p style=\"text-align: justify;\">Az igazgat\u00f3n\u0151 sz\u00edvmelenget\u0151 besz\u00e9d\u00e9ben k\u00f6sz\u00f6nt\u00f6tte iskol\u00e1nk valamennyi tanul\u00f3j\u00e1t, tan\u00e1rait \u00e9s a sz\u00fcl\u0151ket. <br>A m\u0171sorunk els\u0151s versmond\u00f3i B\u00f6lcskei Luca, Nagy Hanna, Kratky \u00cdrisz, valamint &nbsp;B\u00f6lcskei Zsejke, Nagy Marcell, J\u00f3zsa Fanni, Br\u00fcckner Martin \u00e9s T\u00f3th Sz\u00f3fia harmadik oszt\u00e1lyos tanul\u00f3i&nbsp; kiv\u00e1l\u00f3an szerepeltek, b\u00fcszk\u00e9k lehet\u00fcnk r\u00e1juk. <img loading=\"lazy\" decoding=\"async\" class=\"wp-image-4106 alignright\" src=\"http:\/\/www.radnotiiskola.hu\/new\/wp-content\/uploads\/2024\/10\/c65be4f2-cac4-4e4f-887d-6ac0466bbe5e.jpg\" alt=\"\" width=\"351\" height=\"263\" srcset=\"http:\/\/www.radnotiiskola.hu\/new\/wp-content\/uploads\/2024\/10\/c65be4f2-cac4-4e4f-887d-6ac0466bbe5e.jpg 2048w, http:\/\/www.radnotiiskola.hu\/new\/wp-content\/uploads\/2024\/10\/c65be4f2-cac4-4e4f-887d-6ac0466bbe5e-300x225.jpg 300w, http:\/\/www.radnotiiskola.hu\/new\/wp-content\/uploads\/2024\/10\/c65be4f2-cac4-4e4f-887d-6ac0466bbe5e-1024x768.jpg 1024w, http:\/\/www.radnotiiskola.hu\/new\/wp-content\/uploads\/2024\/10\/c65be4f2-cac4-4e4f-887d-6ac0466bbe5e-768x576.jpg 768w, http:\/\/www.radnotiiskola.hu\/new\/wp-content\/uploads\/2024\/10\/c65be4f2-cac4-4e4f-887d-6ac0466bbe5e-1536x1152.jpg 1536w\" sizes=\"auto, (max-width: 351px) 100vw, 351px\" \/> <br>Az \u00faj radn\u00f3tis di\u00e1kok avat\u00e1sa \u00e9vtizedek \u00f3ta hagyom\u00e1ny. Radn\u00f3ti Mikl\u00f3s log\u00f3j\u00e1val ell\u00e1tott nyakkend\u0151t kapnak a kicsik \u00e9s fogadalmat tesznek. K\u00f6z\u00e9rdek\u0171 inform\u00e1ci\u00f3val z\u00e1rult az \u00fcnneps\u00e9g. Nagy boldogan vonultak fel a di\u00e1kok az oszt\u00e1lyukba. A nebul\u00f3k arca ragyogott az \u00f6r\u00f6mt\u0151l, hogy \u00fajra egy\u00fctt a nagy csapat! J\u00f3 \u00fajra tal\u00e1lkozni, egy nagy k\u00f6z\u00f6ss\u00e9get alkotni!<\/p>\n<p>Az int\u00e9zm\u00e9nyi tan\u00e9vnyit\u00f3 \u00fcnneps\u00e9g vide\u00f3ja<a href=\"https:\/\/drive.google.com\/drive\/folders\/1dan2anJMjqsL_98Ogtl9xUOfaiC_Z5r0?usp=sharing\"> ITT<\/a> \u00e9rhet\u0151 el.&nbsp;<\/p>\n<p><img loading=\"lazy\" decoding=\"async\" class=\"alignnone size-full wp-image-4107\" src=\"http:\/\/www.radnotiiskola.hu\/new\/wp-content\/uploads\/2024\/10\/ccf7497b-9af4-4646-9238-d3b0e4cacf79.jpg\" alt=\"\" width=\"2016\" height=\"1512\" srcset=\"http:\/\/www.radnotiiskola.hu\/new\/wp-content\/uploads\/2024\/10\/ccf7497b-9af4-4646-9238-d3b0e4cacf79.jpg 2016w, http:\/\/www.radnotiiskola.hu\/new\/wp-content\/uploads\/2024\/10\/ccf7497b-9af4-4646-9238-d3b0e4cacf79-300x225.jpg 300w, http:\/\/www.radnotiiskola.hu\/new\/wp-content\/uploads\/2024\/10\/ccf7497b-9af4-4646-9238-d3b0e4cacf79-1024x768.jpg 1024w, http:\/\/www.radnotiiskola.hu\/new\/wp-content\/uploads\/2024\/10\/ccf7497b-9af4-4646-9238-d3b0e4cacf79-768x576.jpg 768w, http:\/\/www.radnotiiskola.hu\/new\/wp-content\/uploads\/2024\/10\/ccf7497b-9af4-4646-9238-d3b0e4cacf79-1536x1152.jpg 1536w\" sizes=\"auto, (max-width: 2016px) 100vw, 2016px\" \/><\/p>\n<p>&nbsp;<\/p>\n","protected":false},"excerpt":{"rendered":"<p>A tan\u00e9vnyit\u00f3 \u00fcnneps\u00e9g\u00fcnk 2024. szeptember 2-\u00e1n reggel sikeresen lezajlott iskol\u00e1nk tornaterm\u00e9ben. Az \u00fcnneps\u00e9g f\u00e9nypontja a kis els\u0151s\u00f6k bevonul\u00e1sa volt egy hangulatkelt\u0151 suliv\u00e1r\u00f3 zen\u00e9re. Mindenki \u00e9rdekl\u0151dve, meghat\u00f3dva figyelte a megszeppent kisiskol\u00e1sokat.<\/p>\n","protected":false},"author":4,"featured_media":0,"comment_status":"closed","ping_status":"open","sticky":false,"template":"","format":"standard","meta":{"ngg_post_thumbnail":0,"footnotes":""},"categories":[53],"tags":[],"class_list":["post-4104","post","type-post","status-publish","format-standard","hentry","category-esemenyek-2024"],"_links":{"self":[{"href":"http:\/\/www.radnotiiskola.hu\/new\/wp-json\/wp\/v2\/posts\/4104","targetHints":{"allow":["GET"]}}],"collection":[{"href":"http:\/\/www.radnotiiskola.hu\/new\/wp-json\/wp\/v2\/posts"}],"about":[{"href":"http:\/\/www.radnotiiskola.hu\/new\/wp-json\/wp\/v2\/types\/post"}],"author":[{"embeddable":true,"href":"http:\/\/www.radnotiiskola.hu\/new\/wp-json\/wp\/v2\/users\/4"}],"replies":[{"embeddable":true,"href":"http:\/\/www.radnotiiskola.hu\/new\/wp-json\/wp\/v2\/comments?post=4104"}],"version-history":[{"count":0,"href":"http:\/\/www.radnotiiskola.hu\/new\/wp-json\/wp\/v2\/posts\/4104\/revisions"}],"wp:attachment":[{"href":"http:\/\/www.radnotiiskola.hu\/new\/wp-json\/wp\/v2\/media?parent=4104"}],"wp:term":[{"taxonomy":"category","embeddable":true,"href":"http:\/\/www.radnotiiskola.hu\/new\/wp-json\/wp\/v2\/categories?post=4104"},{"taxonomy":"post_tag","embeddable":true,"href":"http:\/\/www.radnotiiskola.hu\/new\/wp-json\/wp\/v2\/tags?post=4104"}],"curies":[{"name":"wp","href":"https:\/\/api.w.org\/{rel}","templated":true}]}}