{"id":4119,"date":"2024-10-15T08:26:00","date_gmt":"2024-10-15T08:26:00","guid":{"rendered":"http:\/\/www.radnotiiskola.hu\/new\/?p=4119"},"modified":"2024-10-26T08:32:06","modified_gmt":"2024-10-26T08:32:06","slug":"oktober-az-idosek-honapja","status":"publish","type":"post","link":"http:\/\/www.radnotiiskola.hu\/new\/2024\/10\/15\/oktober-az-idosek-honapja\/","title":{"rendered":"Okt\u00f3ber az id\u0151sek h\u00f3napja"},"content":{"rendered":"\n<p style=\"text-align: justify;\"><img loading=\"lazy\" decoding=\"async\" class=\"size-medium wp-image-4120 alignright\" src=\"http:\/\/www.radnotiiskola.hu\/new\/wp-content\/uploads\/2024\/10\/idosek3-300x225.jpg\" alt=\"\" width=\"300\" height=\"225\" srcset=\"http:\/\/www.radnotiiskola.hu\/new\/wp-content\/uploads\/2024\/10\/idosek3-300x225.jpg 300w, http:\/\/www.radnotiiskola.hu\/new\/wp-content\/uploads\/2024\/10\/idosek3-1024x768.jpg 1024w, http:\/\/www.radnotiiskola.hu\/new\/wp-content\/uploads\/2024\/10\/idosek3-768x576.jpg 768w, http:\/\/www.radnotiiskola.hu\/new\/wp-content\/uploads\/2024\/10\/idosek3-1536x1152.jpg 1536w, http:\/\/www.radnotiiskola.hu\/new\/wp-content\/uploads\/2024\/10\/idosek3.jpg 2040w\" sizes=\"auto, (max-width: 300px) 100vw, 300px\" \/>Forduljunk az id\u0151sek fel\u00e9 \u00e9s tanuljunk t\u0151l\u00fck. Tanuljunk a tapasztalataikb\u00f3l, becs\u00fclj\u00fck meg az \u00e1ltaluk teremtett \u00e9rt\u00e9keket, \u00f6r\u00f6k\u00edts\u00fck tov\u00e1bb minden sz\u00e9pet \u00e9s j\u00f3t, amit t\u0151l\u00fck kapunk.<!--more-->Becs\u00fclj\u00fck meg az egy\u00fctt t\u00f6lt\u00f6tt pillanatokat, \u00e9lj\u00fck meg az \u00e9letet, szeress\u00fcnk egy\u00fctt nevetni, \u00e9s \u00e9rt\u00e9kelj\u00fck a legnagyobb aj\u00e1nd\u00e9knak, hogy egy\u00fctt lehet\u00fcnk. A gener\u00e1ci\u00f3k k\u00f6z\u00f6tti er\u0151s kapocs lehet egy boldog \u00e9let z\u00e1loga. Az id\u0151sek \u00e9s a fiatalok k\u00f6z\u00f6tt megl\u00e9v\u0151 h\u00edd teszi lehet\u0151v\u00e9 a b\u00f6lcsess\u00e9g \u0151rz\u00e9s\u00e9t \u00e9s \u00e1tad\u00e1s\u00e1t, ez\u00e9rt ne feledj\u00fck Ferenc p\u00e1pa gondolatait:<br>\u201eMiszerint az id\u0151sek <img loading=\"lazy\" decoding=\"async\" class=\"wp-image-4121 size-medium alignright\" src=\"http:\/\/www.radnotiiskola.hu\/new\/wp-content\/uploads\/2024\/10\/idosek2-300x167.jpg\" alt=\"\" width=\"300\" height=\"167\" srcset=\"http:\/\/www.radnotiiskola.hu\/new\/wp-content\/uploads\/2024\/10\/idosek2-300x167.jpg 300w, http:\/\/www.radnotiiskola.hu\/new\/wp-content\/uploads\/2024\/10\/idosek2-1024x570.jpg 1024w, http:\/\/www.radnotiiskola.hu\/new\/wp-content\/uploads\/2024\/10\/idosek2-768x427.jpg 768w, http:\/\/www.radnotiiskola.hu\/new\/wp-content\/uploads\/2024\/10\/idosek2-1536x855.jpg 1536w, http:\/\/www.radnotiiskola.hu\/new\/wp-content\/uploads\/2024\/10\/idosek2.jpg 1898w\" sizes=\"auto, (max-width: 300px) 100vw, 300px\" \/>olyanok, mint a fa gy<img loading=\"lazy\" decoding=\"async\" class=\"wp-image-4122 size-medium alignright\" src=\"http:\/\/www.radnotiiskola.hu\/new\/wp-content\/uploads\/2024\/10\/Idosek1-300x174.jpg\" alt=\"\" width=\"300\" height=\"174\" srcset=\"http:\/\/www.radnotiiskola.hu\/new\/wp-content\/uploads\/2024\/10\/Idosek1-300x174.jpg 300w, http:\/\/www.radnotiiskola.hu\/new\/wp-content\/uploads\/2024\/10\/Idosek1-1024x594.jpg 1024w, http:\/\/www.radnotiiskola.hu\/new\/wp-content\/uploads\/2024\/10\/Idosek1-768x445.jpg 768w, http:\/\/www.radnotiiskola.hu\/new\/wp-content\/uploads\/2024\/10\/Idosek1.jpg 1530w\" sizes=\"auto, (max-width: 300px) 100vw, 300px\" \/>\u00f6kerei, m\u00edg az ifjak a vir\u00e1gok \u00e9s a term\u00e9s. A f\u00f6ld alatti gy\u00f6kerekb\u0151l felsz\u00edvott \u00e9letnedv bontja ki a fa vir\u00e1gait. A t\u00e1rsadalomban l\u00e9v\u0151 sz\u00e9ps\u00e9gek az id\u0151s gener\u00e1ci\u00f3b\u00f3l erednek.\u201d<br>Ennek a k\u00e9pzeletbeli h\u00edd \u201efel\u00e9p\u00edt\u00e9s\u00e9t\u201d szolg\u00e1lta a Radn\u00f3tis kisdi\u00e1kok \u00fcnnepi m\u0171sora. A m\u0171sorban a k\u00f6sz\u00f6nt\u0151 meghat\u00f3 szavai ut\u00e1n a gyerekek\u00e9 volt a f\u0151szerep. Elhangzott Osv\u00e1t Erzs\u00e9bet: Mes\u00e9lt\u00e9l, mes\u00e9lt\u00e9l \u00e9s Deli Enik\u0151: Kezek c. k\u00f6ltem\u00e9nye. Pet\u0151fi S\u00e1ndor: Itt van az \u0151sz, itt van \u00fajra c. vers\u00e9nek megzen\u00e9s\u00edtett v\u00e1ltozata, v\u00e9g\u00fcl pedig t\u00e1ncra perd\u00fcltek kisdi\u00e1kjaink, melyben a Szervusz kedves bar\u00e1tom \u00e9s a B\u00fajj, b\u00fajj bokrosi\u2026kezdet\u0171<br>dalj\u00e1t\u00e9kot adt\u00e1k el\u0151.<br>Gyerekeink nagy kedvvel k\u00e9sz\u00fcltek a m\u0171sorra. Melyet az id\u0151s \u00e9s sz\u00e9p-kor\u00faak meghat\u00f3dva, szeretettel fogadtak.<\/p>\n<p style=\"text-align: justify;\">A m\u0171sort \u00f6ssze\u00e1ll\u00edtotta:<br>S\u00fct\u00f6rin\u00e9 Hada Ildik\u00f3 (2. a) \u00e9s Varga Violetta (2. b) oszt\u00e1lyf\u0151n\u00f6k.<\/p>\n","protected":false},"excerpt":{"rendered":"<p>Forduljunk az id\u0151sek fel\u00e9 \u00e9s tanuljunk t\u0151l\u00fck. Tanuljunk a tapasztalataikb\u00f3l, becs\u00fclj\u00fck meg az \u00e1ltaluk teremtett \u00e9rt\u00e9keket, \u00f6r\u00f6k\u00edts\u00fck tov\u00e1bb minden sz\u00e9pet \u00e9s j\u00f3t, amit t\u0151l\u00fck kapunk.<\/p>\n","protected":false},"author":4,"featured_media":0,"comment_status":"closed","ping_status":"open","sticky":false,"template":"","format":"standard","meta":{"ngg_post_thumbnail":0,"footnotes":""},"categories":[53],"tags":[],"class_list":["post-4119","post","type-post","status-publish","format-standard","hentry","category-esemenyek-2024"],"_links":{"self":[{"href":"http:\/\/www.radnotiiskola.hu\/new\/wp-json\/wp\/v2\/posts\/4119","targetHints":{"allow":["GET"]}}],"collection":[{"href":"http:\/\/www.radnotiiskola.hu\/new\/wp-json\/wp\/v2\/posts"}],"about":[{"href":"http:\/\/www.radnotiiskola.hu\/new\/wp-json\/wp\/v2\/types\/post"}],"author":[{"embeddable":true,"href":"http:\/\/www.radnotiiskola.hu\/new\/wp-json\/wp\/v2\/users\/4"}],"replies":[{"embeddable":true,"href":"http:\/\/www.radnotiiskola.hu\/new\/wp-json\/wp\/v2\/comments?post=4119"}],"version-history":[{"count":0,"href":"http:\/\/www.radnotiiskola.hu\/new\/wp-json\/wp\/v2\/posts\/4119\/revisions"}],"wp:attachment":[{"href":"http:\/\/www.radnotiiskola.hu\/new\/wp-json\/wp\/v2\/media?parent=4119"}],"wp:term":[{"taxonomy":"category","embeddable":true,"href":"http:\/\/www.radnotiiskola.hu\/new\/wp-json\/wp\/v2\/categories?post=4119"},{"taxonomy":"post_tag","embeddable":true,"href":"http:\/\/www.radnotiiskola.hu\/new\/wp-json\/wp\/v2\/tags?post=4119"}],"curies":[{"name":"wp","href":"https:\/\/api.w.org\/{rel}","templated":true}]}}