{"id":4126,"date":"2024-09-23T09:13:00","date_gmt":"2024-09-23T09:13:00","guid":{"rendered":"http:\/\/www.radnotiiskola.hu\/new\/?p=4126"},"modified":"2024-10-26T09:24:58","modified_gmt":"2024-10-26T09:24:58","slug":"zanka-erzsebet-tabor","status":"publish","type":"post","link":"http:\/\/www.radnotiiskola.hu\/new\/2024\/09\/23\/zanka-erzsebet-tabor\/","title":{"rendered":"Z\u00e1nka Erzs\u00e9bet &#8211; t\u00e1bor"},"content":{"rendered":"\n<p><img loading=\"lazy\" decoding=\"async\" class=\"alignright wp-image-4127 size-medium\" src=\"http:\/\/www.radnotiiskola.hu\/new\/wp-content\/uploads\/2024\/10\/20240919_1714100-300x225.jpg\" alt=\"\" width=\"300\" height=\"225\" srcset=\"http:\/\/www.radnotiiskola.hu\/new\/wp-content\/uploads\/2024\/10\/20240919_1714100-300x225.jpg 300w, http:\/\/www.radnotiiskola.hu\/new\/wp-content\/uploads\/2024\/10\/20240919_1714100-1024x768.jpg 1024w, http:\/\/www.radnotiiskola.hu\/new\/wp-content\/uploads\/2024\/10\/20240919_1714100-768x576.jpg 768w, http:\/\/www.radnotiiskola.hu\/new\/wp-content\/uploads\/2024\/10\/20240919_1714100-1536x1152.jpg 1536w, http:\/\/www.radnotiiskola.hu\/new\/wp-content\/uploads\/2024\/10\/20240919_1714100-2048x1536.jpg 2048w\" sizes=\"auto, (max-width: 300px) 100vw, 300px\" \/>Nyolcadik \u00e9s hatodik oszt\u00e1lyos tanul\u00f3ink szeptember 18 -20-a k\u00f6z\u00f6tt Erzs\u00e9bet &#8211; t\u00e1borban voltak Z\u00e1nk\u00e1n. A t\u00e1bor els\u0151 napj\u00e1n eb\u00e9d ut\u00e1n r\u00f6gt\u00f6n kihaszn\u00e1lva a lehet\u0151s\u00e9get haj\u00f3k\u00e1zni voltunk. A Szent Imre haj\u00f3r\u00f3l megcsod\u00e1ltuk a szok\u00e1sosn\u00e1l nyugodtabb vizet \u00e9s a t\u00e1jat. 16:00 \u00e9s 17:00 \u00f3ra k\u00f6z\u00f6tt kuty\u00e1s bemutat\u00f3n vett\u00fcnk r\u00e9szt, ami a kicsiket \u00e9s a nagyokat is egyar\u00e1nt lek\u00f6t\u00f6tte. Este pedig k\u00f6nny\u0171zenei koncert v\u00e1rt r\u00e1nk a finom vacsora ut\u00e1n. <!--more--><\/p>\n<p>A m\u00e1sodik napot k\u00f6z\u00f6ss\u00e9g\u00e9p\u00edt\u0151 foglalkoz\u00e1ssal kezdt\u00fck. A d\u00e9lut\u00e1nt pedig a strandon t\u00f6lt\u00f6tt\u00fck, ahol a b\u00e1trabban a Balatonba is bemer\u00e9szkedtek. A gyerekek sokat j\u00e1tszottak \u00e9s sportoltak. Este ism\u00e9t disco v\u00e1rta \u0151ket \u00e9s a t\u00e1borz\u00e1r\u00f3.&nbsp;<\/p>\n<p>Hazafel\u00e9 is vonattal utaztunk, a gyerekek kellemesen elf\u00e1radtak \u00e9s a vonaton sokat aludtak, besz\u00e9lgettek, zen\u00e9t hallgattak.&nbsp;<\/p>\n<p>K\u00e9pek <a href=\"https:\/\/drive.google.com\/drive\/folders\/1oKmv7L06XqKTeMkCYoQspFWhmRVLw7U0?usp=sharing\">IDE<\/a> kattintva tekinthet\u0151ek meg.&nbsp;<\/p>\n<p><strong>K\u00eds\u00e9r\u0151 tan\u00e1rok:&nbsp;<\/strong><br>F\u00e1bi\u00e1n Judit<br>Kov\u00e1csn\u00e9 Szab\u00f3 Judit&nbsp;<br>M\u00e1trai Alexandra<br>N\u00e9meth Zolt\u00e1n<\/p>\n","protected":false},"excerpt":{"rendered":"<p>Nyolcadik \u00e9s hatodik oszt\u00e1lyos tanul\u00f3ink szeptember 18 -20-a k\u00f6z\u00f6tt Erzs\u00e9bet &#8211; t\u00e1borban voltak Z\u00e1nk\u00e1n. A t\u00e1bor els\u0151 napj\u00e1n eb\u00e9d ut\u00e1n r\u00f6gt\u00f6n kihaszn\u00e1lva a lehet\u0151s\u00e9get haj\u00f3k\u00e1zni voltunk. A Szent Imre haj\u00f3r\u00f3l megcsod\u00e1ltuk a szok\u00e1sosn\u00e1l nyugodtabb vizet \u00e9s a t\u00e1jat. 16:00 \u00e9s 17:00 \u00f3ra k\u00f6z\u00f6tt kuty\u00e1s bemutat\u00f3n vett\u00fcnk r\u00e9szt, ami a kicsiket \u00e9s a nagyokat is egyar\u00e1nt [&hellip;]<\/p>\n","protected":false},"author":4,"featured_media":0,"comment_status":"closed","ping_status":"open","sticky":false,"template":"","format":"standard","meta":{"ngg_post_thumbnail":0,"footnotes":""},"categories":[53],"tags":[],"class_list":["post-4126","post","type-post","status-publish","format-standard","hentry","category-esemenyek-2024"],"_links":{"self":[{"href":"http:\/\/www.radnotiiskola.hu\/new\/wp-json\/wp\/v2\/posts\/4126","targetHints":{"allow":["GET"]}}],"collection":[{"href":"http:\/\/www.radnotiiskola.hu\/new\/wp-json\/wp\/v2\/posts"}],"about":[{"href":"http:\/\/www.radnotiiskola.hu\/new\/wp-json\/wp\/v2\/types\/post"}],"author":[{"embeddable":true,"href":"http:\/\/www.radnotiiskola.hu\/new\/wp-json\/wp\/v2\/users\/4"}],"replies":[{"embeddable":true,"href":"http:\/\/www.radnotiiskola.hu\/new\/wp-json\/wp\/v2\/comments?post=4126"}],"version-history":[{"count":0,"href":"http:\/\/www.radnotiiskola.hu\/new\/wp-json\/wp\/v2\/posts\/4126\/revisions"}],"wp:attachment":[{"href":"http:\/\/www.radnotiiskola.hu\/new\/wp-json\/wp\/v2\/media?parent=4126"}],"wp:term":[{"taxonomy":"category","embeddable":true,"href":"http:\/\/www.radnotiiskola.hu\/new\/wp-json\/wp\/v2\/categories?post=4126"},{"taxonomy":"post_tag","embeddable":true,"href":"http:\/\/www.radnotiiskola.hu\/new\/wp-json\/wp\/v2\/tags?post=4126"}],"curies":[{"name":"wp","href":"https:\/\/api.w.org\/{rel}","templated":true}]}}