{"id":4169,"date":"2024-12-06T08:25:00","date_gmt":"2024-12-06T08:25:00","guid":{"rendered":"http:\/\/www.radnotiiskola.hu\/new\/?p=4169"},"modified":"2025-01-06T08:29:30","modified_gmt":"2025-01-06T08:29:30","slug":"mikulas-latogatasa-iskolankban-3","status":"publish","type":"post","link":"http:\/\/www.radnotiiskola.hu\/new\/2024\/12\/06\/mikulas-latogatasa-iskolankban-3\/","title":{"rendered":"MIKUL\u00c1S L\u00c1TOGAT\u00c1SA ISKOL\u00c1NKBAN"},"content":{"rendered":"\n<p style=\"text-align: center;\"><strong>2024. december 5.&nbsp;<br><\/strong><strong style=\"font-size: inherit;\"><em>J\u00f3nak lenni j\u00f3!<\/em><\/strong><\/p>\n<p><img loading=\"lazy\" decoding=\"async\" class=\"wp-image-4170 size-medium alignright\" src=\"http:\/\/www.radnotiiskola.hu\/new\/wp-content\/uploads\/2025\/01\/Mikulas-24-300x179.jpg\" alt=\"\" width=\"300\" height=\"179\" srcset=\"http:\/\/www.radnotiiskola.hu\/new\/wp-content\/uploads\/2025\/01\/Mikulas-24-300x179.jpg 300w, http:\/\/www.radnotiiskola.hu\/new\/wp-content\/uploads\/2025\/01\/Mikulas-24-768x458.jpg 768w, http:\/\/www.radnotiiskola.hu\/new\/wp-content\/uploads\/2025\/01\/Mikulas-24.jpg 960w\" sizes=\"auto, (max-width: 300px) 100vw, 300px\" \/>Az advent sz\u00f3 jelent\u00e9se <strong>elj\u00f6vetel<\/strong>. Iskol\u00e1nkban mi is megpr\u00f3b\u00e1lunk ebben az id\u0151szakban elcs\u00f6ndesedni, egym\u00e1sra jobban odafigyelni, sz\u00edv\u00fcnket kit\u00e1rva a m\u00e1sik fel\u00e9.<br>Az adventnyit\u00f3 \u00fcnnep egyed\u00fcl a gyermekek\u00e9. Akik december 6-ra <strong>kif\u00e9nyes\u00edtik<\/strong> csizm\u00e1csk\u00e1ikat \u00e9s <strong>kiteszik<\/strong> az ablakba, hogy abba tegye <strong><em>Mikul\u00e1s<\/em><\/strong> meglepet\u00e9s aj\u00e1nd\u00e9kait.<!--more--><\/p>\n<p style=\"text-align: justify;\">\u0150t <strong>l\u00e1tni term\u00e9szetesen nem<\/strong> fogj\u00e1k, hisz mostan\u00e1ban m\u00e1r nagyon kor\u00e1n s\u00f6t\u00e9tedik. A Mikul\u00e1s pedig nagyon <strong>gyorsan j\u00f6n<\/strong> \u00e9s egy <strong>pillanat alatt<\/strong> m\u00e1r tova is siet sz\u00e1nj\u00e1val, mert egy \u00e9jszaka alatt a vil\u00e1g \u00f6sszes gyermek\u00e9t meg kell, hogy l\u00e1togassa. Amelyik gyerek azonban nagyon szerencs\u00e9s, az szem\u00e9lyesen is tal\u00e1lkozhat vele.&nbsp;<br>\u00cdgy volt ez a <strong>radn\u00f3tis kisdi\u00e1kokkal<\/strong> is. S\u00fct\u00f6rin\u00e9 Ildi n\u00e9ni egy levelet \u00edrt Mikul\u00e1snak, melyben arra k\u00e9rte, hogy l\u00e1togasson el iskol\u00e1nkba. S ahogy lenni szokott, a b\u00f6lcs \u00f6reg teljes\u00edtette is ezt a k\u00edv\u00e1ns\u00e1got.<br><strong>A gyerekek nagyon \u00f6r\u00fcltek a v\u00e1ratlan vend\u00e9gnek.<\/strong> &nbsp;S hogy kipihenje utaz\u00e1sa f\u00e1radalmait, \u00e9nekkel \u00e9s verssel \u00f6rvendeztett\u00e9k meg a j\u00f3s\u00e1gos \u00f6regembert.<br>Valamennyi kisdi\u00e1k \u00f6r\u00f6mmel \u00e9nekelte az Iszkiri Zenekar <strong>Mikul\u00e1s Fitness<\/strong> dal\u00e1t, melyre a 2. a \u00e9s b oszt\u00e1lyosok adtak el\u0151 egy nagyon aranyos t\u00e1nckoreogr\u00e1fi\u00e1t. Meghallgattuk a \u201e<strong>Sz\u00edv\u00fcnk r\u00e9g ide v\u00e1r\u201d \u00e9s a \u201eSuttog a fenyves\u201d c. dalokat. <\/strong>Elverselt\u00e9k Mentovics \u00c9va: <strong>T\u00e9lap\u00f3 a h\u00f3felh\u0151k k\u00f6z\u00f6tt valamint a Tudod, kedves j\u00f3 Mikul\u00e1s, <\/strong>Zelk Zolt\u00e1n:<strong> A T\u00e9lap\u00f3 \u00e9s a h\u00f3ember, <\/strong>Sarkadi S\u00e1ndor: <strong>T\u00e9lap\u00f3 <\/strong>c. vers vid\u00e1m, kedves sorait.<br><strong>Mikul\u00e1snak nagyon tetszett valamennyi produkci\u00f3<\/strong>, s viszonz\u00e1sul minden als\u00f3sr\u00f3l felolvasta a mindent l\u00e1t\u00f3 k\u00f6nyv\u00e9b\u0151l, hogy kir\u0151l mi j\u00f3t, s rosszat hallott, s term\u00e9szetesen szaloncukor is el\u0151ker\u00fclt Mikul\u00e1s zs\u00e1kj\u00e1b\u00f3l jutalmaz\u00e1sk\u00e9nt.<\/p>\n<p><strong>S v\u00e9g\u00fcl meg\u00edg\u00e9rte, hogy j\u00f6v\u0151re \u00fajra ell\u00e1togat a radn\u00f3tis kisdi\u00e1kokhoz!<br>Tov\u00e1bbi f\u00e9nyk\u00e9pek <a href=\"https:\/\/drive.google.com\/drive\/folders\/1-4Eq2Qu3OtfftWzOLtUrpRMOL3IeYnog?usp=sharing\">IDE<\/a> kattintva tekinthet\u0151ek meg.&nbsp;<\/strong><\/p>\n<p><strong>&nbsp;<\/strong><strong>Szervez\u0151:<br><\/strong>S\u00fct\u00f6rin\u00e9 Hada Ildik\u00f3<br><strong>als\u00f3s munkak\u00f6z\u00f6ss\u00e9g-vezet\u0151<\/strong><\/p>\n","protected":false},"excerpt":{"rendered":"<p>2024. december 5.&nbsp;J\u00f3nak lenni j\u00f3! Az advent sz\u00f3 jelent\u00e9se elj\u00f6vetel. Iskol\u00e1nkban mi is megpr\u00f3b\u00e1lunk ebben az id\u0151szakban elcs\u00f6ndesedni, egym\u00e1sra jobban odafigyelni, sz\u00edv\u00fcnket kit\u00e1rva a m\u00e1sik fel\u00e9.Az adventnyit\u00f3 \u00fcnnep egyed\u00fcl a gyermekek\u00e9. Akik december 6-ra kif\u00e9nyes\u00edtik csizm\u00e1csk\u00e1ikat \u00e9s kiteszik az ablakba, hogy abba tegye Mikul\u00e1s meglepet\u00e9s aj\u00e1nd\u00e9kait.<\/p>\n","protected":false},"author":4,"featured_media":0,"comment_status":"closed","ping_status":"open","sticky":false,"template":"","format":"standard","meta":{"ngg_post_thumbnail":0,"footnotes":""},"categories":[53],"tags":[],"class_list":["post-4169","post","type-post","status-publish","format-standard","hentry","category-esemenyek-2024"],"_links":{"self":[{"href":"http:\/\/www.radnotiiskola.hu\/new\/wp-json\/wp\/v2\/posts\/4169","targetHints":{"allow":["GET"]}}],"collection":[{"href":"http:\/\/www.radnotiiskola.hu\/new\/wp-json\/wp\/v2\/posts"}],"about":[{"href":"http:\/\/www.radnotiiskola.hu\/new\/wp-json\/wp\/v2\/types\/post"}],"author":[{"embeddable":true,"href":"http:\/\/www.radnotiiskola.hu\/new\/wp-json\/wp\/v2\/users\/4"}],"replies":[{"embeddable":true,"href":"http:\/\/www.radnotiiskola.hu\/new\/wp-json\/wp\/v2\/comments?post=4169"}],"version-history":[{"count":0,"href":"http:\/\/www.radnotiiskola.hu\/new\/wp-json\/wp\/v2\/posts\/4169\/revisions"}],"wp:attachment":[{"href":"http:\/\/www.radnotiiskola.hu\/new\/wp-json\/wp\/v2\/media?parent=4169"}],"wp:term":[{"taxonomy":"category","embeddable":true,"href":"http:\/\/www.radnotiiskola.hu\/new\/wp-json\/wp\/v2\/categories?post=4169"},{"taxonomy":"post_tag","embeddable":true,"href":"http:\/\/www.radnotiiskola.hu\/new\/wp-json\/wp\/v2\/tags?post=4169"}],"curies":[{"name":"wp","href":"https:\/\/api.w.org\/{rel}","templated":true}]}}