{"id":4192,"date":"2025-01-28T18:19:19","date_gmt":"2025-01-28T18:19:19","guid":{"rendered":"http:\/\/www.radnotiiskola.hu\/new\/?p=4192"},"modified":"2025-01-28T18:19:19","modified_gmt":"2025-01-28T18:19:19","slug":"osztaly-szuloi-ertekezlet","status":"publish","type":"post","link":"http:\/\/www.radnotiiskola.hu\/new\/2025\/01\/28\/osztaly-szuloi-ertekezlet\/","title":{"rendered":"Oszt\u00e1ly sz\u00fcl\u0151i \u00e9rtekezlet"},"content":{"rendered":"\n<p>Tisztelt Sz\u00fcl\u0151k!&nbsp;<\/p>\n<p>Int\u00e9zm\u00e9ny\u00fcnkben <strong>2025. janu\u00e1r 30-\u00e1n (cs\u00fct\u00f6rt\u00f6k\u00f6n) sz\u00fcl\u0151i \u00e9rtekezletet tartunk 16:30-t\u00f3l<\/strong>.&nbsp;<\/p>\n<p>V\u00e1runk szeretettel minden kedves Sz\u00fcl\u0151t!<\/p>\n","protected":false},"excerpt":{"rendered":"<p>Tisztelt Sz\u00fcl\u0151k!&nbsp; Int\u00e9zm\u00e9ny\u00fcnkben 2025. janu\u00e1r 30-\u00e1n (cs\u00fct\u00f6rt\u00f6k\u00f6n) sz\u00fcl\u0151i \u00e9rtekezletet tartunk 16:30-t\u00f3l.&nbsp; V\u00e1runk szeretettel minden kedves Sz\u00fcl\u0151t!<\/p>\n","protected":false},"author":4,"featured_media":0,"comment_status":"closed","ping_status":"open","sticky":false,"template":"","format":"standard","meta":{"ngg_post_thumbnail":0,"footnotes":""},"categories":[62],"tags":[],"class_list":["post-4192","post","type-post","status-publish","format-standard","hentry","category-felhivasok-2025"],"_links":{"self":[{"href":"http:\/\/www.radnotiiskola.hu\/new\/wp-json\/wp\/v2\/posts\/4192","targetHints":{"allow":["GET"]}}],"collection":[{"href":"http:\/\/www.radnotiiskola.hu\/new\/wp-json\/wp\/v2\/posts"}],"about":[{"href":"http:\/\/www.radnotiiskola.hu\/new\/wp-json\/wp\/v2\/types\/post"}],"author":[{"embeddable":true,"href":"http:\/\/www.radnotiiskola.hu\/new\/wp-json\/wp\/v2\/users\/4"}],"replies":[{"embeddable":true,"href":"http:\/\/www.radnotiiskola.hu\/new\/wp-json\/wp\/v2\/comments?post=4192"}],"version-history":[{"count":0,"href":"http:\/\/www.radnotiiskola.hu\/new\/wp-json\/wp\/v2\/posts\/4192\/revisions"}],"wp:attachment":[{"href":"http:\/\/www.radnotiiskola.hu\/new\/wp-json\/wp\/v2\/media?parent=4192"}],"wp:term":[{"taxonomy":"category","embeddable":true,"href":"http:\/\/www.radnotiiskola.hu\/new\/wp-json\/wp\/v2\/categories?post=4192"},{"taxonomy":"post_tag","embeddable":true,"href":"http:\/\/www.radnotiiskola.hu\/new\/wp-json\/wp\/v2\/tags?post=4192"}],"curies":[{"name":"wp","href":"https:\/\/api.w.org\/{rel}","templated":true}]}}