{"id":4201,"date":"2025-02-06T05:19:29","date_gmt":"2025-02-06T05:19:29","guid":{"rendered":"http:\/\/www.radnotiiskola.hu\/new\/?p=4201"},"modified":"2025-02-06T05:19:29","modified_gmt":"2025-02-06T05:19:29","slug":"kedves-szulok","status":"publish","type":"post","link":"http:\/\/www.radnotiiskola.hu\/new\/2025\/02\/06\/kedves-szulok\/","title":{"rendered":"Kedves Sz\u00fcl\u0151k!"},"content":{"rendered":"\n<p style=\"text-align: justify;\">Szeretettel v\u00e1rjuk \u00d6n\u00f6ket a Gy\u0151ri Radn\u00f3ti Mikl\u00f3s \u00c1ltal\u00e1nos Iskola alap\u00edtv\u00e1nyi vacsor\u00e1j\u00e1n. A j\u00f3 hangulatot sz\u00ednvonalas m\u0171sorok, \u00e9rt\u00e9kes tombol\u00e1k garant\u00e1lj\u00e1k.<br>A rendezv\u00e9nyt <strong>2025. 02. 14-\u00e9n 18:00-kor<\/strong> tartjuk, melynek bev\u00e9tel\u00e9t az int\u00e9zm\u00e9ny t\u00e1rgyi eszk\u00f6zeinek fejleszt\u00e9s\u00e9re \u00e9s az iskolai programok t\u00e1mogat\u00e1s\u00e1ra sz\u00e1njuk.&nbsp;<br><strong>Helysz\u00edn:<\/strong> Gy\u0151r, Klub Kelemen \u00e9tterem, M\u00e9sz\u00e1ros L\u0151rinc u. 13.&nbsp;<br>Amennyiben r\u00e9szt k\u00edv\u00e1nnak venni az esem\u00e9nyen, jelezz\u00e9k a k\u00f6vetkez\u0151 email c\u00edmen febru\u00e1r 10-ig : szabjucc@gyoriradnoti.com.&nbsp;<br>Amennyiben p\u00e9nz\u00f6sszeggel vagy tombolat\u00e1rggyal t\u00e1mogatn\u00e1k iskol\u00e1nkat, az int\u00e9zm\u00e9nyben ez is megtehet\u0151.&nbsp;<\/p>\n<p style=\"text-align: justify;\">K\u00f6sz\u00f6nettel vessz\u00fck a t\u00e1mogat\u00e1sukat, felaj\u00e1nl\u00e1sukat!&nbsp;<br>K\u00f6sz\u00f6nettel: Kov\u00e1csn\u00e9 Szab\u00f3 Judit&nbsp;<\/p>\n","protected":false},"excerpt":{"rendered":"<p>Szeretettel v\u00e1rjuk \u00d6n\u00f6ket a Gy\u0151ri Radn\u00f3ti Mikl\u00f3s \u00c1ltal\u00e1nos Iskola alap\u00edtv\u00e1nyi vacsor\u00e1j\u00e1n. A j\u00f3 hangulatot sz\u00ednvonalas m\u0171sorok, \u00e9rt\u00e9kes tombol\u00e1k garant\u00e1lj\u00e1k.A rendezv\u00e9nyt 2025. 02. 14-\u00e9n 18:00-kor tartjuk, melynek bev\u00e9tel\u00e9t az int\u00e9zm\u00e9ny t\u00e1rgyi eszk\u00f6zeinek fejleszt\u00e9s\u00e9re \u00e9s az iskolai programok t\u00e1mogat\u00e1s\u00e1ra sz\u00e1njuk.&nbsp;Helysz\u00edn: Gy\u0151r, Klub Kelemen \u00e9tterem, M\u00e9sz\u00e1ros L\u0151rinc u. 13.&nbsp;Amennyiben r\u00e9szt k\u00edv\u00e1nnak venni az esem\u00e9nyen, jelezz\u00e9k a k\u00f6vetkez\u0151 email [&hellip;]<\/p>\n","protected":false},"author":4,"featured_media":0,"comment_status":"closed","ping_status":"open","sticky":false,"template":"","format":"standard","meta":{"ngg_post_thumbnail":0,"footnotes":""},"categories":[59],"tags":[],"class_list":["post-4201","post","type-post","status-publish","format-standard","hentry","category-esemenyek-2025"],"_links":{"self":[{"href":"http:\/\/www.radnotiiskola.hu\/new\/wp-json\/wp\/v2\/posts\/4201","targetHints":{"allow":["GET"]}}],"collection":[{"href":"http:\/\/www.radnotiiskola.hu\/new\/wp-json\/wp\/v2\/posts"}],"about":[{"href":"http:\/\/www.radnotiiskola.hu\/new\/wp-json\/wp\/v2\/types\/post"}],"author":[{"embeddable":true,"href":"http:\/\/www.radnotiiskola.hu\/new\/wp-json\/wp\/v2\/users\/4"}],"replies":[{"embeddable":true,"href":"http:\/\/www.radnotiiskola.hu\/new\/wp-json\/wp\/v2\/comments?post=4201"}],"version-history":[{"count":0,"href":"http:\/\/www.radnotiiskola.hu\/new\/wp-json\/wp\/v2\/posts\/4201\/revisions"}],"wp:attachment":[{"href":"http:\/\/www.radnotiiskola.hu\/new\/wp-json\/wp\/v2\/media?parent=4201"}],"wp:term":[{"taxonomy":"category","embeddable":true,"href":"http:\/\/www.radnotiiskola.hu\/new\/wp-json\/wp\/v2\/categories?post=4201"},{"taxonomy":"post_tag","embeddable":true,"href":"http:\/\/www.radnotiiskola.hu\/new\/wp-json\/wp\/v2\/tags?post=4201"}],"curies":[{"name":"wp","href":"https:\/\/api.w.org\/{rel}","templated":true}]}}