{"id":4218,"date":"2025-02-17T08:52:00","date_gmt":"2025-02-17T08:52:00","guid":{"rendered":"http:\/\/www.radnotiiskola.hu\/new\/?p=4218"},"modified":"2025-02-24T09:05:46","modified_gmt":"2025-02-24T09:05:46","slug":"alapitvanyi-vacsora-4","status":"publish","type":"post","link":"http:\/\/www.radnotiiskola.hu\/new\/2025\/02\/17\/alapitvanyi-vacsora-4\/","title":{"rendered":"Alap\u00edtv\u00e1nyi vacsora"},"content":{"rendered":"\n<p style=\"text-align: justify;\"><img loading=\"lazy\" decoding=\"async\" class=\"size-medium wp-image-4221 alignright\" src=\"http:\/\/www.radnotiiskola.hu\/new\/wp-content\/uploads\/2025\/02\/480956836_2204044916659448_4980952863475499640_n-225x300.jpg\" alt=\"\" width=\"225\" height=\"300\" srcset=\"http:\/\/www.radnotiiskola.hu\/new\/wp-content\/uploads\/2025\/02\/480956836_2204044916659448_4980952863475499640_n-225x300.jpg 225w, http:\/\/www.radnotiiskola.hu\/new\/wp-content\/uploads\/2025\/02\/480956836_2204044916659448_4980952863475499640_n-768x1024.jpg 768w, http:\/\/www.radnotiiskola.hu\/new\/wp-content\/uploads\/2025\/02\/480956836_2204044916659448_4980952863475499640_n-1152x1536.jpg 1152w, http:\/\/www.radnotiiskola.hu\/new\/wp-content\/uploads\/2025\/02\/480956836_2204044916659448_4980952863475499640_n.jpg 1536w\" sizes=\"auto, (max-width: 225px) 100vw, 225px\" \/>2025. febru\u00e1r 14-\u00e9n ker\u00fclt sor alap\u00edtv\u00e1nyi rendezv\u00e9ny\u00fcnkre, melyen sz\u00e9p sz\u00e1mban jelentek meg sz\u00fcl\u0151k, koll\u00e9g\u00e1k \u00e9s nyugd\u00edjas koll\u00e9g\u00e1k is. A rendezv\u00e9ny c\u00e9lja, hogy a Radn\u00f3ti alap\u00edtv\u00e1nyt t\u00e1mogassuk, melynek k\u00f6sz\u00f6nhet\u0151en tudjuk seg\u00edteni gyermekeink t\u00e1boroztat\u00e1s\u00e1t \u00e9s az iskola t\u00e1rgyi eszk\u00f6zeinek a fejleszt\u00e9s\u00e9t.&nbsp; C\u00e9lunk volt tov\u00e1bb\u00e1, hogy egy j\u00f3 hangulat\u00fa est\u00e9t t\u00f6lts\u00fcnk el t\u00e1mogat\u00f3ink k\u00f6r\u00e9ben. Az est\u00e9t sz\u00ednvonalas m\u0171sorok koron\u00e1zt\u00e1k meg.&nbsp;<\/p>\n<p style=\"text-align: justify;\">A felaj\u00e1nl\u00e1sokat ez \u00faton is nagyon k\u00f6sz\u00f6nj\u00fck!<\/p>\n<p><img loading=\"lazy\" decoding=\"async\" class=\"size-medium wp-image-4219 alignleft\" src=\"http:\/\/www.radnotiiskola.hu\/new\/wp-content\/uploads\/2025\/02\/480774546_2066150833831266_1451653573960545310_n-225x300.jpg\" alt=\"\" width=\"225\" height=\"300\" srcset=\"http:\/\/www.radnotiiskola.hu\/new\/wp-content\/uploads\/2025\/02\/480774546_2066150833831266_1451653573960545310_n-225x300.jpg 225w, http:\/\/www.radnotiiskola.hu\/new\/wp-content\/uploads\/2025\/02\/480774546_2066150833831266_1451653573960545310_n-768x1024.jpg 768w, http:\/\/www.radnotiiskola.hu\/new\/wp-content\/uploads\/2025\/02\/480774546_2066150833831266_1451653573960545310_n-1152x1536.jpg 1152w, http:\/\/www.radnotiiskola.hu\/new\/wp-content\/uploads\/2025\/02\/480774546_2066150833831266_1451653573960545310_n.jpg 1536w\" sizes=\"auto, (max-width: 225px) 100vw, 225px\" \/> <img loading=\"lazy\" decoding=\"async\" class=\"size-medium wp-image-4220 alignright\" src=\"http:\/\/www.radnotiiskola.hu\/new\/wp-content\/uploads\/2025\/02\/480031360_3677129052577507_2800984215301811930_n-225x300.jpg\" alt=\"\" width=\"225\" height=\"300\" srcset=\"http:\/\/www.radnotiiskola.hu\/new\/wp-content\/uploads\/2025\/02\/480031360_3677129052577507_2800984215301811930_n-225x300.jpg 225w, http:\/\/www.radnotiiskola.hu\/new\/wp-content\/uploads\/2025\/02\/480031360_3677129052577507_2800984215301811930_n-768x1024.jpg 768w, http:\/\/www.radnotiiskola.hu\/new\/wp-content\/uploads\/2025\/02\/480031360_3677129052577507_2800984215301811930_n-1152x1536.jpg 1152w, http:\/\/www.radnotiiskola.hu\/new\/wp-content\/uploads\/2025\/02\/480031360_3677129052577507_2800984215301811930_n.jpg 1536w\" sizes=\"auto, (max-width: 225px) 100vw, 225px\" \/><\/p>\n","protected":false},"excerpt":{"rendered":"<p>2025. febru\u00e1r 14-\u00e9n ker\u00fclt sor alap\u00edtv\u00e1nyi rendezv\u00e9ny\u00fcnkre, melyen sz\u00e9p sz\u00e1mban jelentek meg sz\u00fcl\u0151k, koll\u00e9g\u00e1k \u00e9s nyugd\u00edjas koll\u00e9g\u00e1k is. A rendezv\u00e9ny c\u00e9lja, hogy a Radn\u00f3ti alap\u00edtv\u00e1nyt t\u00e1mogassuk, melynek k\u00f6sz\u00f6nhet\u0151en tudjuk seg\u00edteni gyermekeink t\u00e1boroztat\u00e1s\u00e1t \u00e9s az iskola t\u00e1rgyi eszk\u00f6zeinek a fejleszt\u00e9s\u00e9t.&nbsp; C\u00e9lunk volt tov\u00e1bb\u00e1, hogy egy j\u00f3 hangulat\u00fa est\u00e9t t\u00f6lts\u00fcnk el t\u00e1mogat\u00f3ink k\u00f6r\u00e9ben. Az est\u00e9t sz\u00ednvonalas m\u0171sorok [&hellip;]<\/p>\n","protected":false},"author":4,"featured_media":0,"comment_status":"closed","ping_status":"open","sticky":false,"template":"","format":"standard","meta":{"ngg_post_thumbnail":0,"footnotes":""},"categories":[59],"tags":[],"class_list":["post-4218","post","type-post","status-publish","format-standard","hentry","category-esemenyek-2025"],"_links":{"self":[{"href":"http:\/\/www.radnotiiskola.hu\/new\/wp-json\/wp\/v2\/posts\/4218","targetHints":{"allow":["GET"]}}],"collection":[{"href":"http:\/\/www.radnotiiskola.hu\/new\/wp-json\/wp\/v2\/posts"}],"about":[{"href":"http:\/\/www.radnotiiskola.hu\/new\/wp-json\/wp\/v2\/types\/post"}],"author":[{"embeddable":true,"href":"http:\/\/www.radnotiiskola.hu\/new\/wp-json\/wp\/v2\/users\/4"}],"replies":[{"embeddable":true,"href":"http:\/\/www.radnotiiskola.hu\/new\/wp-json\/wp\/v2\/comments?post=4218"}],"version-history":[{"count":0,"href":"http:\/\/www.radnotiiskola.hu\/new\/wp-json\/wp\/v2\/posts\/4218\/revisions"}],"wp:attachment":[{"href":"http:\/\/www.radnotiiskola.hu\/new\/wp-json\/wp\/v2\/media?parent=4218"}],"wp:term":[{"taxonomy":"category","embeddable":true,"href":"http:\/\/www.radnotiiskola.hu\/new\/wp-json\/wp\/v2\/categories?post=4218"},{"taxonomy":"post_tag","embeddable":true,"href":"http:\/\/www.radnotiiskola.hu\/new\/wp-json\/wp\/v2\/tags?post=4218"}],"curies":[{"name":"wp","href":"https:\/\/api.w.org\/{rel}","templated":true}]}}