{"id":4223,"date":"2025-02-10T09:09:00","date_gmt":"2025-02-10T09:09:00","guid":{"rendered":"http:\/\/www.radnotiiskola.hu\/new\/?p=4223"},"modified":"2025-02-24T09:17:59","modified_gmt":"2025-02-24T09:17:59","slug":"farsang-2","status":"publish","type":"post","link":"http:\/\/www.radnotiiskola.hu\/new\/2025\/02\/10\/farsang-2\/","title":{"rendered":"Farsang"},"content":{"rendered":"\n<p style=\"text-align: justify;\">V\u00edzkereszt napj\u00e1t\u00f3l hamvaz\u00f3szerd\u00e1ig tart a farsang. Amelyet hagyom\u00e1nyosan a vid\u00e1m lakom\u00e1k, b\u00e1lok, mulats\u00e1gok, bolondoz\u00e1s, t\u00e1nc, n\u00e9p\u00fcnnep\u00e9lyek, karnev\u00e1lok jellemeznek.<br><strong>Ez a k\u00f6zelg\u0151 tavasz \u00f6r\u00f6m\u00fcnnepe.<\/strong><!--more--><\/p>\n<p style=\"text-align: justify;\">Iskol\u00e1nkban m\u00e1r mi is nagyon v\u00e1rjuk a tavasz elj\u00f6tt\u00e9t. Ez\u00e9rt febru\u00e1r 7-e d\u00e9lut\u00e1nj\u00e1n farsangi vigass\u00e1got rendeztek oszt\u00e1lyaink!<br><strong>Als\u00f3 tagozat:<img loading=\"lazy\" decoding=\"async\" class=\"size-medium wp-image-4225 alignright\" src=\"http:\/\/www.radnotiiskola.hu\/new\/wp-content\/uploads\/2025\/02\/2.-4-300x225.jpg\" alt=\"\" width=\"300\" height=\"225\" srcset=\"http:\/\/www.radnotiiskola.hu\/new\/wp-content\/uploads\/2025\/02\/2.-4-300x225.jpg 300w, http:\/\/www.radnotiiskola.hu\/new\/wp-content\/uploads\/2025\/02\/2.-4-1024x768.jpg 1024w, http:\/\/www.radnotiiskola.hu\/new\/wp-content\/uploads\/2025\/02\/2.-4-768x576.jpg 768w, http:\/\/www.radnotiiskola.hu\/new\/wp-content\/uploads\/2025\/02\/2.-4-1536x1152.jpg 1536w, http:\/\/www.radnotiiskola.hu\/new\/wp-content\/uploads\/2025\/02\/2.-4.jpg 2048w\" sizes=\"auto, (max-width: 300px) 100vw, 300px\" \/> <br>Volt sok-sok m\u00f3ka, kacag\u00e1s:<\/strong> nyit\u00f3t\u00e1nc, jelmezes felvonul\u00e1s \u00e9s verseny. \u00dcgyess\u00e9gi, j\u00e1t\u00e9kos feladatok: sepr\u0171t\u00e1nc, limb\u00f3, ev\u0151versenyek, sz\u00e9kfoglal\u00f3, dalfelismer\u0151, lufif\u00faj\u00f3- \u00e9s rajzol\u00f3, t\u00e1ncos vet\u00e9lked\u0151. Kincsvad\u00e1szat. Ki vagyok \u00e9n? Kinek a jelmez\u00e9b\u0151l hi\u00e1nyzik? Farsangi activity. Tess\u00e9k vigy\u00e1zni a post\u00e1s nem l\u00e1t! Tombolasorsol\u00e1s, zs\u00e1kbamacska, eszem-iszom stb.<br><strong>Fels\u0151 tagozat: <img loading=\"lazy\" decoding=\"async\" class=\"size-medium wp-image-4226 alignright\" src=\"http:\/\/www.radnotiiskola.hu\/new\/wp-content\/uploads\/2025\/02\/4-300x225.jpeg\" alt=\"\" width=\"300\" height=\"225\" srcset=\"http:\/\/www.radnotiiskola.hu\/new\/wp-content\/uploads\/2025\/02\/4-300x225.jpeg 300w, http:\/\/www.radnotiiskola.hu\/new\/wp-content\/uploads\/2025\/02\/4-1024x768.jpeg 1024w, http:\/\/www.radnotiiskola.hu\/new\/wp-content\/uploads\/2025\/02\/4-768x576.jpeg 768w, http:\/\/www.radnotiiskola.hu\/new\/wp-content\/uploads\/2025\/02\/4-1536x1152.jpeg 1536w, http:\/\/www.radnotiiskola.hu\/new\/wp-content\/uploads\/2025\/02\/4-2048x1536.jpeg 2048w\" sizes=\"auto, (max-width: 300px) 100vw, 300px\" \/><\/strong><br>Volt jelmezverseny, s\u00fcti s\u00fct\u0151 verseny, csokiev\u0151 verseny \u00e9s t\u00e1ncverseny, ahol a gyerekek \u00f6sszem\u00e9rhett\u00e9k \u00fcgyess\u00e9g\u00fcket m\u00e1s oszt\u00e1lyokkal. A sz\u00e9kfoglal\u00f3 \u00e9s a sepr\u0171t\u00e1n valamint a karaoke is p\u00e1ratlan sikert aratott. A limb\u00f3 pedig minden fels\u0151st megmozgatott. A gy\u0151ztes oszt\u00e1lyok \u00e9rt\u00e9kes nyerem\u00e9nyeket vehettek \u00e1t. Az eg\u00e9sz mulats\u00e1g akt\u00edvan \u00e9s j\u00f3 hangulatban telt.&nbsp;<\/p>\n<p>Tov\u00e1bbi k\u00e9pek<a href=\"https:\/\/drive.google.com\/drive\/folders\/1diJgp3K0AK0Rx8TIPylhE2XAiaF6YH7R?usp=sharing\"> IDE<\/a> kattintva tekinthet\u0151ek meg.&nbsp;<\/p>\n<p style=\"text-align: justify;\"><strong>A program szervez\u0151je:&nbsp;<\/strong><br><strong>Kiss L\u00e1szl\u00f3n\u00e9 \u00e9s&nbsp;<\/strong><br><strong>Harcs\u00e1n\u00e9 Auerbach Petra<\/strong><\/p>\n","protected":false},"excerpt":{"rendered":"<p>V\u00edzkereszt napj\u00e1t\u00f3l hamvaz\u00f3szerd\u00e1ig tart a farsang. Amelyet hagyom\u00e1nyosan a vid\u00e1m lakom\u00e1k, b\u00e1lok, mulats\u00e1gok, bolondoz\u00e1s, t\u00e1nc, n\u00e9p\u00fcnnep\u00e9lyek, karnev\u00e1lok jellemeznek.Ez a k\u00f6zelg\u0151 tavasz \u00f6r\u00f6m\u00fcnnepe.<\/p>\n","protected":false},"author":4,"featured_media":0,"comment_status":"closed","ping_status":"open","sticky":false,"template":"","format":"standard","meta":{"ngg_post_thumbnail":0,"footnotes":""},"categories":[28],"tags":[],"class_list":["post-4223","post","type-post","status-publish","format-standard","hentry","category-esemenyek-2019"],"_links":{"self":[{"href":"http:\/\/www.radnotiiskola.hu\/new\/wp-json\/wp\/v2\/posts\/4223","targetHints":{"allow":["GET"]}}],"collection":[{"href":"http:\/\/www.radnotiiskola.hu\/new\/wp-json\/wp\/v2\/posts"}],"about":[{"href":"http:\/\/www.radnotiiskola.hu\/new\/wp-json\/wp\/v2\/types\/post"}],"author":[{"embeddable":true,"href":"http:\/\/www.radnotiiskola.hu\/new\/wp-json\/wp\/v2\/users\/4"}],"replies":[{"embeddable":true,"href":"http:\/\/www.radnotiiskola.hu\/new\/wp-json\/wp\/v2\/comments?post=4223"}],"version-history":[{"count":0,"href":"http:\/\/www.radnotiiskola.hu\/new\/wp-json\/wp\/v2\/posts\/4223\/revisions"}],"wp:attachment":[{"href":"http:\/\/www.radnotiiskola.hu\/new\/wp-json\/wp\/v2\/media?parent=4223"}],"wp:term":[{"taxonomy":"category","embeddable":true,"href":"http:\/\/www.radnotiiskola.hu\/new\/wp-json\/wp\/v2\/categories?post=4223"},{"taxonomy":"post_tag","embeddable":true,"href":"http:\/\/www.radnotiiskola.hu\/new\/wp-json\/wp\/v2\/tags?post=4223"}],"curies":[{"name":"wp","href":"https:\/\/api.w.org\/{rel}","templated":true}]}}