{"id":4232,"date":"2025-02-21T16:25:00","date_gmt":"2025-02-21T16:25:00","guid":{"rendered":"http:\/\/www.radnotiiskola.hu\/new\/?p=4232"},"modified":"2025-07-08T15:45:02","modified_gmt":"2025-07-08T15:45:02","slug":"akikre-buszkek-vagyunk-3","status":"publish","type":"post","link":"http:\/\/www.radnotiiskola.hu\/new\/2025\/02\/21\/akikre-buszkek-vagyunk-3\/","title":{"rendered":"Akikre b\u00fcszk\u00e9k vagyunk"},"content":{"rendered":"\n<p>L\u00e1ny csapatunk II. helyez\u00e9st \u00e9rt el a Di\u00e1kolimpi\u00e1n r\u00f6plabd\u00e1ban.&nbsp;<\/p>\n<p><img loading=\"lazy\" decoding=\"async\" class=\"alignnone size-full wp-image-4234\" src=\"http:\/\/www.radnotiiskola.hu\/new\/wp-content\/uploads\/2025\/02\/476905062_3370453556425015_6740252602361991870_n.jpg\" alt=\"\" width=\"960\" height=\"720\" srcset=\"http:\/\/www.radnotiiskola.hu\/new\/wp-content\/uploads\/2025\/02\/476905062_3370453556425015_6740252602361991870_n.jpg 960w, http:\/\/www.radnotiiskola.hu\/new\/wp-content\/uploads\/2025\/02\/476905062_3370453556425015_6740252602361991870_n-300x225.jpg 300w, http:\/\/www.radnotiiskola.hu\/new\/wp-content\/uploads\/2025\/02\/476905062_3370453556425015_6740252602361991870_n-768x576.jpg 768w\" sizes=\"auto, (max-width: 960px) 100vw, 960px\" \/><\/p>\n<p><!--more--><img loading=\"lazy\" decoding=\"async\" class=\"alignnone size-full wp-image-4233\" src=\"http:\/\/www.radnotiiskola.hu\/new\/wp-content\/uploads\/2025\/02\/475464451_541974638245324_6272340860345531280_n.jpg\" alt=\"\" width=\"960\" height=\"720\" srcset=\"http:\/\/www.radnotiiskola.hu\/new\/wp-content\/uploads\/2025\/02\/475464451_541974638245324_6272340860345531280_n.jpg 960w, http:\/\/www.radnotiiskola.hu\/new\/wp-content\/uploads\/2025\/02\/475464451_541974638245324_6272340860345531280_n-300x225.jpg 300w, http:\/\/www.radnotiiskola.hu\/new\/wp-content\/uploads\/2025\/02\/475464451_541974638245324_6272340860345531280_n-768x576.jpg 768w\" sizes=\"auto, (max-width: 960px) 100vw, 960px\" \/> <img loading=\"lazy\" decoding=\"async\" class=\"alignnone wp-image-4235 size-full\" src=\"http:\/\/www.radnotiiskola.hu\/new\/wp-content\/uploads\/2025\/02\/476900178_1648353816067135_7748181243686457889_n.jpg\" alt=\"\" width=\"960\" height=\"1280\" srcset=\"http:\/\/www.radnotiiskola.hu\/new\/wp-content\/uploads\/2025\/02\/476900178_1648353816067135_7748181243686457889_n.jpg 960w, http:\/\/www.radnotiiskola.hu\/new\/wp-content\/uploads\/2025\/02\/476900178_1648353816067135_7748181243686457889_n-225x300.jpg 225w, http:\/\/www.radnotiiskola.hu\/new\/wp-content\/uploads\/2025\/02\/476900178_1648353816067135_7748181243686457889_n-768x1024.jpg 768w\" sizes=\"auto, (max-width: 960px) 100vw, 960px\" \/><\/p>\n<p>&nbsp;<\/p>\n<p>Gratul\u00e1lunk!&nbsp;<\/p>\n","protected":false},"excerpt":{"rendered":"<p>L\u00e1ny csapatunk II. helyez\u00e9st \u00e9rt el a Di\u00e1kolimpi\u00e1n r\u00f6plabd\u00e1ban.&nbsp;<\/p>\n","protected":false},"author":4,"featured_media":0,"comment_status":"closed","ping_status":"open","sticky":false,"template":"","format":"standard","meta":{"ngg_post_thumbnail":0,"footnotes":""},"categories":[65],"tags":[],"class_list":["post-4232","post","type-post","status-publish","format-standard","hentry","category-buszkesegeink-2025"],"_links":{"self":[{"href":"http:\/\/www.radnotiiskola.hu\/new\/wp-json\/wp\/v2\/posts\/4232","targetHints":{"allow":["GET"]}}],"collection":[{"href":"http:\/\/www.radnotiiskola.hu\/new\/wp-json\/wp\/v2\/posts"}],"about":[{"href":"http:\/\/www.radnotiiskola.hu\/new\/wp-json\/wp\/v2\/types\/post"}],"author":[{"embeddable":true,"href":"http:\/\/www.radnotiiskola.hu\/new\/wp-json\/wp\/v2\/users\/4"}],"replies":[{"embeddable":true,"href":"http:\/\/www.radnotiiskola.hu\/new\/wp-json\/wp\/v2\/comments?post=4232"}],"version-history":[{"count":0,"href":"http:\/\/www.radnotiiskola.hu\/new\/wp-json\/wp\/v2\/posts\/4232\/revisions"}],"wp:attachment":[{"href":"http:\/\/www.radnotiiskola.hu\/new\/wp-json\/wp\/v2\/media?parent=4232"}],"wp:term":[{"taxonomy":"category","embeddable":true,"href":"http:\/\/www.radnotiiskola.hu\/new\/wp-json\/wp\/v2\/categories?post=4232"},{"taxonomy":"post_tag","embeddable":true,"href":"http:\/\/www.radnotiiskola.hu\/new\/wp-json\/wp\/v2\/tags?post=4232"}],"curies":[{"name":"wp","href":"https:\/\/api.w.org\/{rel}","templated":true}]}}