{"id":4241,"date":"2025-03-05T06:32:03","date_gmt":"2025-03-05T06:32:03","guid":{"rendered":"http:\/\/www.radnotiiskola.hu\/new\/?p=4241"},"modified":"2025-03-05T06:32:03","modified_gmt":"2025-03-05T06:32:03","slug":"szepkiejtesi-verseny-3","status":"publish","type":"post","link":"http:\/\/www.radnotiiskola.hu\/new\/2025\/03\/05\/szepkiejtesi-verseny-3\/","title":{"rendered":"Sz\u00e9pkiejt\u00e9si verseny"},"content":{"rendered":"\n<p style=\"text-align: justify;\"><img loading=\"lazy\" decoding=\"async\" class=\"size-medium wp-image-4242 alignright\" src=\"http:\/\/www.radnotiiskola.hu\/new\/wp-content\/uploads\/2025\/03\/image0-225x300.jpeg\" alt=\"\" width=\"225\" height=\"300\" srcset=\"http:\/\/www.radnotiiskola.hu\/new\/wp-content\/uploads\/2025\/03\/image0-225x300.jpeg 225w, http:\/\/www.radnotiiskola.hu\/new\/wp-content\/uploads\/2025\/03\/image0-rotated.jpeg 480w\" sizes=\"auto, (max-width: 225px) 100vw, 225px\" \/>Gratul\u00e1lunk iskol\u00e1nk 8. oszt\u00e1lyos tanul\u00f3j\u00e1nak <strong>\u00c1rp\u00e1si Amand\u00e1nak<\/strong>, aki a ter\u00fcleti sz\u00e9pkiejt\u00e9si versenyen a Kazinczy Gimn\u00e1ziumban 2. helyez\u00e9st \u00e9rt el. T\u00f6bb \u00e9ve indul ezen a versenyen, \u00e9s b\u00fcszk\u00e9k vagyunk r\u00e1, hogy v\u00e9gre m\u00e9lt\u00f3 elismer\u00e9st kapott!<br><strong>Fogarasi Zorka<\/strong> is m\u00e9lt\u00f3k\u00e9ppen k\u00e9pviselte iskol\u00e1nkat, neki is gratul\u00e1lunk!<\/p>\n<p><img loading=\"lazy\" decoding=\"async\" class=\"alignnone size-thumbnail wp-image-4243\" src=\"http:\/\/www.radnotiiskola.hu\/new\/wp-content\/uploads\/2025\/03\/image2-150x150.jpeg\" alt=\"\" width=\"150\" height=\"150\" srcset=\"http:\/\/www.radnotiiskola.hu\/new\/wp-content\/uploads\/2025\/03\/image2-150x150.jpeg 150w, http:\/\/www.radnotiiskola.hu\/new\/wp-content\/uploads\/2025\/03\/image2-60x60.jpeg 60w\" sizes=\"auto, (max-width: 150px) 100vw, 150px\" \/> <img loading=\"lazy\" decoding=\"async\" class=\"alignnone size-thumbnail wp-image-4244\" src=\"http:\/\/www.radnotiiskola.hu\/new\/wp-content\/uploads\/2025\/03\/image1-150x150.jpeg\" alt=\"\" width=\"150\" height=\"150\" srcset=\"http:\/\/www.radnotiiskola.hu\/new\/wp-content\/uploads\/2025\/03\/image1-150x150.jpeg 150w, http:\/\/www.radnotiiskola.hu\/new\/wp-content\/uploads\/2025\/03\/image1-60x60.jpeg 60w\" sizes=\"auto, (max-width: 150px) 100vw, 150px\" \/><\/p>\n<p style=\"text-align: justify;\"><strong>Felk\u00e9sz\u00edt\u0151 tan\u00e1r: <\/strong><\/p>\n<p style=\"text-align: justify;\"><strong>Harcs\u00e1n\u00e9 Auerbach Petra<\/strong><\/p>\n","protected":false},"excerpt":{"rendered":"<p>Gratul\u00e1lunk iskol\u00e1nk 8. oszt\u00e1lyos tanul\u00f3j\u00e1nak \u00c1rp\u00e1si Amand\u00e1nak, aki a ter\u00fcleti sz\u00e9pkiejt\u00e9si versenyen a Kazinczy Gimn\u00e1ziumban 2. helyez\u00e9st \u00e9rt el. T\u00f6bb \u00e9ve indul ezen a versenyen, \u00e9s b\u00fcszk\u00e9k vagyunk r\u00e1, hogy v\u00e9gre m\u00e9lt\u00f3 elismer\u00e9st kapott!Fogarasi Zorka is m\u00e9lt\u00f3k\u00e9ppen k\u00e9pviselte iskol\u00e1nkat, neki is gratul\u00e1lunk! Felk\u00e9sz\u00edt\u0151 tan\u00e1r: Harcs\u00e1n\u00e9 Auerbach Petra<\/p>\n","protected":false},"author":4,"featured_media":0,"comment_status":"closed","ping_status":"open","sticky":false,"template":"","format":"standard","meta":{"ngg_post_thumbnail":0,"footnotes":""},"categories":[61],"tags":[],"class_list":["post-4241","post","type-post","status-publish","format-standard","hentry","category-eredmenyek-2025"],"_links":{"self":[{"href":"http:\/\/www.radnotiiskola.hu\/new\/wp-json\/wp\/v2\/posts\/4241","targetHints":{"allow":["GET"]}}],"collection":[{"href":"http:\/\/www.radnotiiskola.hu\/new\/wp-json\/wp\/v2\/posts"}],"about":[{"href":"http:\/\/www.radnotiiskola.hu\/new\/wp-json\/wp\/v2\/types\/post"}],"author":[{"embeddable":true,"href":"http:\/\/www.radnotiiskola.hu\/new\/wp-json\/wp\/v2\/users\/4"}],"replies":[{"embeddable":true,"href":"http:\/\/www.radnotiiskola.hu\/new\/wp-json\/wp\/v2\/comments?post=4241"}],"version-history":[{"count":0,"href":"http:\/\/www.radnotiiskola.hu\/new\/wp-json\/wp\/v2\/posts\/4241\/revisions"}],"wp:attachment":[{"href":"http:\/\/www.radnotiiskola.hu\/new\/wp-json\/wp\/v2\/media?parent=4241"}],"wp:term":[{"taxonomy":"category","embeddable":true,"href":"http:\/\/www.radnotiiskola.hu\/new\/wp-json\/wp\/v2\/categories?post=4241"},{"taxonomy":"post_tag","embeddable":true,"href":"http:\/\/www.radnotiiskola.hu\/new\/wp-json\/wp\/v2\/tags?post=4241"}],"curies":[{"name":"wp","href":"https:\/\/api.w.org\/{rel}","templated":true}]}}