{"id":4255,"date":"2025-03-05T09:35:12","date_gmt":"2025-03-05T09:35:12","guid":{"rendered":"http:\/\/www.radnotiiskola.hu\/new\/?p=4255"},"modified":"2025-03-05T09:35:13","modified_gmt":"2025-03-05T09:35:13","slug":"etkezesi-teritesi-dijak-valtozasa-3","status":"publish","type":"post","link":"http:\/\/www.radnotiiskola.hu\/new\/2025\/03\/05\/etkezesi-teritesi-dijak-valtozasa-3\/","title":{"rendered":"\u00c9tkez\u00e9si t\u00e9r\u00edt\u00e9si d\u00edjak v\u00e1ltoz\u00e1sa"},"content":{"rendered":"\n<p>Tisztelt Sz\u00fcl\u0151k!<\/p>\n<p>Az \u00e9tkeztet\u00e9s megv\u00e1ltozott d\u00edjair\u00f3l <a href=\"https:\/\/drive.google.com\/file\/d\/1MRanl5TBtwrp0ZtDS48uo0GeaesRVNqW\/view?usp=sharing\" target=\"_blank\" rel=\"noopener noreferrer\">ITT<\/a> olvashatnak!&nbsp;<\/p>\n","protected":false},"excerpt":{"rendered":"<p>Tisztelt Sz\u00fcl\u0151k! Az \u00e9tkeztet\u00e9s megv\u00e1ltozott d\u00edjair\u00f3l ITT olvashatnak!&nbsp;<\/p>\n","protected":false},"author":4,"featured_media":0,"comment_status":"closed","ping_status":"open","sticky":false,"template":"","format":"standard","meta":{"ngg_post_thumbnail":0,"footnotes":""},"categories":[28],"tags":[],"class_list":["post-4255","post","type-post","status-publish","format-standard","hentry","category-esemenyek-2019"],"_links":{"self":[{"href":"http:\/\/www.radnotiiskola.hu\/new\/wp-json\/wp\/v2\/posts\/4255","targetHints":{"allow":["GET"]}}],"collection":[{"href":"http:\/\/www.radnotiiskola.hu\/new\/wp-json\/wp\/v2\/posts"}],"about":[{"href":"http:\/\/www.radnotiiskola.hu\/new\/wp-json\/wp\/v2\/types\/post"}],"author":[{"embeddable":true,"href":"http:\/\/www.radnotiiskola.hu\/new\/wp-json\/wp\/v2\/users\/4"}],"replies":[{"embeddable":true,"href":"http:\/\/www.radnotiiskola.hu\/new\/wp-json\/wp\/v2\/comments?post=4255"}],"version-history":[{"count":0,"href":"http:\/\/www.radnotiiskola.hu\/new\/wp-json\/wp\/v2\/posts\/4255\/revisions"}],"wp:attachment":[{"href":"http:\/\/www.radnotiiskola.hu\/new\/wp-json\/wp\/v2\/media?parent=4255"}],"wp:term":[{"taxonomy":"category","embeddable":true,"href":"http:\/\/www.radnotiiskola.hu\/new\/wp-json\/wp\/v2\/categories?post=4255"},{"taxonomy":"post_tag","embeddable":true,"href":"http:\/\/www.radnotiiskola.hu\/new\/wp-json\/wp\/v2\/tags?post=4255"}],"curies":[{"name":"wp","href":"https:\/\/api.w.org\/{rel}","templated":true}]}}