{"id":4262,"date":"2025-03-13T05:10:21","date_gmt":"2025-03-13T05:10:21","guid":{"rendered":"http:\/\/www.radnotiiskola.hu\/new\/?p=4262"},"modified":"2025-04-14T11:02:08","modified_gmt":"2025-04-14T11:02:08","slug":"elso-osztalyos-beiratkozas","status":"publish","type":"post","link":"http:\/\/www.radnotiiskola.hu\/new\/2025\/03\/13\/elso-osztalyos-beiratkozas\/","title":{"rendered":"ELS\u0150 OSZT\u00c1LYOS BEIRATKOZ\u00c1S"},"content":{"rendered":"\n<p><img loading=\"lazy\" decoding=\"async\" class=\"size-medium wp-image-3034 aligncenter\" src=\"http:\/\/www.radnotiiskola.hu\/new\/wp-content\/uploads\/2022\/03\/elso-osztaly-300x266.png\" alt=\"\" width=\"300\" height=\"266\" srcset=\"http:\/\/www.radnotiiskola.hu\/new\/wp-content\/uploads\/2022\/03\/elso-osztaly-300x266.png 300w, http:\/\/www.radnotiiskola.hu\/new\/wp-content\/uploads\/2022\/03\/elso-osztaly-768x680.png 768w, http:\/\/www.radnotiiskola.hu\/new\/wp-content\/uploads\/2022\/03\/elso-osztaly.png 800w\" sizes=\"auto, (max-width: 300px) 100vw, 300px\" \/><\/p>\n<p><img loading=\"lazy\" decoding=\"async\" class=\"size-full wp-image-4265 aligncenter\" src=\"http:\/\/www.radnotiiskola.hu\/new\/wp-content\/uploads\/2025\/03\/plakat.png\" alt=\"\" width=\"493\" height=\"497\" srcset=\"http:\/\/www.radnotiiskola.hu\/new\/wp-content\/uploads\/2025\/03\/plakat.png 493w, http:\/\/www.radnotiiskola.hu\/new\/wp-content\/uploads\/2025\/03\/plakat-298x300.png 298w, http:\/\/www.radnotiiskola.hu\/new\/wp-content\/uploads\/2025\/03\/plakat-150x150.png 150w, http:\/\/www.radnotiiskola.hu\/new\/wp-content\/uploads\/2025\/03\/plakat-60x60.png 60w\" sizes=\"auto, (max-width: 493px) 100vw, 493px\" \/><\/p>\n","protected":false},"excerpt":{"rendered":"","protected":false},"author":4,"featured_media":0,"comment_status":"closed","ping_status":"open","sticky":false,"template":"","format":"standard","meta":{"ngg_post_thumbnail":0,"footnotes":""},"categories":[62],"tags":[],"class_list":["post-4262","post","type-post","status-publish","format-standard","hentry","category-felhivasok-2025"],"_links":{"self":[{"href":"http:\/\/www.radnotiiskola.hu\/new\/wp-json\/wp\/v2\/posts\/4262","targetHints":{"allow":["GET"]}}],"collection":[{"href":"http:\/\/www.radnotiiskola.hu\/new\/wp-json\/wp\/v2\/posts"}],"about":[{"href":"http:\/\/www.radnotiiskola.hu\/new\/wp-json\/wp\/v2\/types\/post"}],"author":[{"embeddable":true,"href":"http:\/\/www.radnotiiskola.hu\/new\/wp-json\/wp\/v2\/users\/4"}],"replies":[{"embeddable":true,"href":"http:\/\/www.radnotiiskola.hu\/new\/wp-json\/wp\/v2\/comments?post=4262"}],"version-history":[{"count":0,"href":"http:\/\/www.radnotiiskola.hu\/new\/wp-json\/wp\/v2\/posts\/4262\/revisions"}],"wp:attachment":[{"href":"http:\/\/www.radnotiiskola.hu\/new\/wp-json\/wp\/v2\/media?parent=4262"}],"wp:term":[{"taxonomy":"category","embeddable":true,"href":"http:\/\/www.radnotiiskola.hu\/new\/wp-json\/wp\/v2\/categories?post=4262"},{"taxonomy":"post_tag","embeddable":true,"href":"http:\/\/www.radnotiiskola.hu\/new\/wp-json\/wp\/v2\/tags?post=4262"}],"curies":[{"name":"wp","href":"https:\/\/api.w.org\/{rel}","templated":true}]}}