{"id":4269,"date":"2025-03-19T07:48:50","date_gmt":"2025-03-19T07:48:50","guid":{"rendered":"http:\/\/www.radnotiiskola.hu\/new\/?p=4269"},"modified":"2025-03-19T07:48:51","modified_gmt":"2025-03-19T07:48:51","slug":"marcius-15-2","status":"publish","type":"post","link":"http:\/\/www.radnotiiskola.hu\/new\/2025\/03\/19\/marcius-15-2\/","title":{"rendered":"M\u00e1rcius 15."},"content":{"rendered":"\n<p><em><img loading=\"lazy\" decoding=\"async\" class=\"size-medium wp-image-4270 alignright\" src=\"http:\/\/www.radnotiiskola.hu\/new\/wp-content\/uploads\/2025\/03\/83e669bc-b0ee-4e4f-86f0-19395f5b8378-300x225.jpg\" alt=\"\" width=\"300\" height=\"225\" srcset=\"http:\/\/www.radnotiiskola.hu\/new\/wp-content\/uploads\/2025\/03\/83e669bc-b0ee-4e4f-86f0-19395f5b8378-300x225.jpg 300w, http:\/\/www.radnotiiskola.hu\/new\/wp-content\/uploads\/2025\/03\/83e669bc-b0ee-4e4f-86f0-19395f5b8378-1024x768.jpg 1024w, http:\/\/www.radnotiiskola.hu\/new\/wp-content\/uploads\/2025\/03\/83e669bc-b0ee-4e4f-86f0-19395f5b8378-768x576.jpg 768w, http:\/\/www.radnotiiskola.hu\/new\/wp-content\/uploads\/2025\/03\/83e669bc-b0ee-4e4f-86f0-19395f5b8378-1536x1152.jpg 1536w, http:\/\/www.radnotiiskola.hu\/new\/wp-content\/uploads\/2025\/03\/83e669bc-b0ee-4e4f-86f0-19395f5b8378.jpg 2048w\" sizes=\"auto, (max-width: 300px) 100vw, 300px\" \/>&#8222;Ez a v\u00e1gy bel\u00fcl \u00fagy \u00f6lel \u00e1t,<\/em><br><em>Mint a csillag a f\u00e9nyt vagy a h\u00edd a Dun\u00e1t.<\/em><br><em>Te a r\u00e9szem vagy r\u00e9gen,<\/em><br><em>A r\u00e9gi mes\u00e9k lapj\u00e1n,<\/em><br><em>Sz\u00edvem r\u00e9sze vagy dr\u00e1ga haz\u00e1m!<\/em><br><em>Itt az otthonom dr\u00e1ga haz\u00e1m!<\/em><br><em>Sz\u00edvem r\u00e9sze vagy dr\u00e1ga haz\u00e1m!&#8221;<\/em><\/p>\n<p class=\"style-scope ytd-watch-metadata\" style=\"text-align: right;\">Nagy Szila\u0301rd &amp; Raga\u0301ny Misa &#8211; Dra\u0301ga Haza\u0301m<!--more--><\/p>\n<p>\u00dcnnepi m\u0171sorunkra 2025. m\u00e1rcius 14-\u00e9n ker\u00fclt sor. A m\u0171sort iskol\u00e1nk 4. oszt\u00e1lyos tanul\u00f3i adt\u00e1k el\u0151 az iskolai k\u00f3rus k\u00eds\u00e9ret\u00e9ben.&nbsp;<\/p>\n<p>A m\u0171sorr\u00f3l k\u00e9sz\u00fclt vide\u00f3kat \u00e9s fot\u00f3kat <a href=\"https:\/\/drive.google.com\/drive\/folders\/1W9D1tL9bhwy8Cd2LQnWRHWIMusY3UI0G?usp=drive_link\">IDE<\/a> kattintva tekinthetik meg.&nbsp;<\/p>\n<p><strong>Felk\u00e9sz\u00edt\u0151 tan\u00e1raik:&nbsp;<\/strong><br>Czap\u00e1ry Nagy Alexandra<br>Kir\u00e1ly Fruzsina<br>Papp Zolt\u00e1n&nbsp;<\/p>\n","protected":false},"excerpt":{"rendered":"<p>&#8222;Ez a v\u00e1gy bel\u00fcl \u00fagy \u00f6lel \u00e1t,Mint a csillag a f\u00e9nyt vagy a h\u00edd a Dun\u00e1t.Te a r\u00e9szem vagy r\u00e9gen,A r\u00e9gi mes\u00e9k lapj\u00e1n,Sz\u00edvem r\u00e9sze vagy dr\u00e1ga haz\u00e1m!Itt az otthonom dr\u00e1ga haz\u00e1m!Sz\u00edvem r\u00e9sze vagy dr\u00e1ga haz\u00e1m!&#8221; Nagy Szila\u0301rd &amp; Raga\u0301ny Misa &#8211; Dra\u0301ga Haza\u0301m<\/p>\n","protected":false},"author":4,"featured_media":0,"comment_status":"closed","ping_status":"open","sticky":false,"template":"","format":"standard","meta":{"ngg_post_thumbnail":0,"footnotes":""},"categories":[28],"tags":[],"class_list":["post-4269","post","type-post","status-publish","format-standard","hentry","category-esemenyek-2019"],"_links":{"self":[{"href":"http:\/\/www.radnotiiskola.hu\/new\/wp-json\/wp\/v2\/posts\/4269","targetHints":{"allow":["GET"]}}],"collection":[{"href":"http:\/\/www.radnotiiskola.hu\/new\/wp-json\/wp\/v2\/posts"}],"about":[{"href":"http:\/\/www.radnotiiskola.hu\/new\/wp-json\/wp\/v2\/types\/post"}],"author":[{"embeddable":true,"href":"http:\/\/www.radnotiiskola.hu\/new\/wp-json\/wp\/v2\/users\/4"}],"replies":[{"embeddable":true,"href":"http:\/\/www.radnotiiskola.hu\/new\/wp-json\/wp\/v2\/comments?post=4269"}],"version-history":[{"count":0,"href":"http:\/\/www.radnotiiskola.hu\/new\/wp-json\/wp\/v2\/posts\/4269\/revisions"}],"wp:attachment":[{"href":"http:\/\/www.radnotiiskola.hu\/new\/wp-json\/wp\/v2\/media?parent=4269"}],"wp:term":[{"taxonomy":"category","embeddable":true,"href":"http:\/\/www.radnotiiskola.hu\/new\/wp-json\/wp\/v2\/categories?post=4269"},{"taxonomy":"post_tag","embeddable":true,"href":"http:\/\/www.radnotiiskola.hu\/new\/wp-json\/wp\/v2\/tags?post=4269"}],"curies":[{"name":"wp","href":"https:\/\/api.w.org\/{rel}","templated":true}]}}