{"id":4273,"date":"2025-03-20T17:46:24","date_gmt":"2025-03-20T17:46:24","guid":{"rendered":"http:\/\/www.radnotiiskola.hu\/new\/?p=4273"},"modified":"2025-03-20T17:46:24","modified_gmt":"2025-03-20T17:46:24","slug":"penz7-a-radnotiban","status":"publish","type":"post","link":"http:\/\/www.radnotiiskola.hu\/new\/2025\/03\/20\/penz7-a-radnotiban\/","title":{"rendered":"P\u00c9NZ7 a Radn\u00f3tiban"},"content":{"rendered":"\n<p style=\"text-align: justify;\"><img loading=\"lazy\" decoding=\"async\" class=\"size-full wp-image-4274 alignleft\" src=\"http:\/\/www.radnotiiskola.hu\/new\/wp-content\/uploads\/2025\/03\/Nevtelen.png\" alt=\"\" width=\"102\" height=\"144\"><\/p>\n<p style=\"text-align: justify;\">A Gy\u0151ri Radn\u00f3ti Mikl\u00f3s \u00c1ltal\u00e1nos Iskola 3-8. oszt\u00e1lyos tanul\u00f3i az id\u00e9n is bekapcsol\u00f3dtak a P\u00c9NZ7 rendezv\u00e9nyeibe.<!--more--><\/p>\n<p style=\"text-align: justify;\"><img loading=\"lazy\" decoding=\"async\" class=\"size-medium wp-image-4275 alignright\" src=\"http:\/\/www.radnotiiskola.hu\/new\/wp-content\/uploads\/2025\/03\/484515194_1450863839616147_3463397729636096940_n-225x300.jpg\" alt=\"\" width=\"225\" height=\"300\" srcset=\"http:\/\/www.radnotiiskola.hu\/new\/wp-content\/uploads\/2025\/03\/484515194_1450863839616147_3463397729636096940_n-225x300.jpg 225w, http:\/\/www.radnotiiskola.hu\/new\/wp-content\/uploads\/2025\/03\/484515194_1450863839616147_3463397729636096940_n-768x1024.jpg 768w, http:\/\/www.radnotiiskola.hu\/new\/wp-content\/uploads\/2025\/03\/484515194_1450863839616147_3463397729636096940_n-1152x1536.jpg 1152w, http:\/\/www.radnotiiskola.hu\/new\/wp-content\/uploads\/2025\/03\/484515194_1450863839616147_3463397729636096940_n.jpg 1536w\" sizes=\"auto, (max-width: 225px) 100vw, 225px\" \/>Oszt\u00e1lyf\u0151n\u00f6ki, technika \u00e9s tervez\u00e9s valamint matematika \u00f3r\u00e1kon a befektet\u00e9sekr\u0151l besz\u00e9lgettek, ezzel kapcsolatos j\u00e1t\u00e9kos feladatokat oldottak meg csoportokban. Digit\u00e1lis kult\u00fara \u00f3r\u00e1kon a kiberbiztons\u00e1gi t\u00e9m\u00e1kkal, a digit\u00e1lis l\u00e1bnyommal \u00e9s digit\u00e1lis p\u00e9nzt\u00e1rc\u00e1val foglalkoztak.&nbsp; A fels\u0151s\u00f6k kit\u00f6lt\u00f6tt\u00e9k a Digit\u00e1lis Szimat Kih\u00edv\u00e1s online tud\u00e1stesztet, a Kahooton P\u00c9NZ7 Kv\u00edzeket csin\u00e1ltak \u00e9s a Belv\u00e1rosban r\u00e9szt vettek a P\u00e9nzFutam kalandj\u00e1t\u00e9kon.<\/p>\n<p><img loading=\"lazy\" decoding=\"async\" class=\"alignnone size-medium wp-image-4276\" src=\"http:\/\/www.radnotiiskola.hu\/new\/wp-content\/uploads\/2025\/03\/486036186_1163448871854817_8134524158661470822_n-225x300.jpg\" alt=\"\" width=\"225\" height=\"300\" srcset=\"http:\/\/www.radnotiiskola.hu\/new\/wp-content\/uploads\/2025\/03\/486036186_1163448871854817_8134524158661470822_n-225x300.jpg 225w, http:\/\/www.radnotiiskola.hu\/new\/wp-content\/uploads\/2025\/03\/486036186_1163448871854817_8134524158661470822_n-768x1024.jpg 768w, http:\/\/www.radnotiiskola.hu\/new\/wp-content\/uploads\/2025\/03\/486036186_1163448871854817_8134524158661470822_n-1152x1536.jpg 1152w, http:\/\/www.radnotiiskola.hu\/new\/wp-content\/uploads\/2025\/03\/486036186_1163448871854817_8134524158661470822_n.jpg 1536w\" sizes=\"auto, (max-width: 225px) 100vw, 225px\" \/> <img loading=\"lazy\" decoding=\"async\" class=\"size-medium wp-image-4277 alignright\" src=\"http:\/\/www.radnotiiskola.hu\/new\/wp-content\/uploads\/2025\/03\/484515194_1368690554485331_1270461695744059878_n-225x300.jpg\" alt=\"\" width=\"225\" height=\"300\" srcset=\"http:\/\/www.radnotiiskola.hu\/new\/wp-content\/uploads\/2025\/03\/484515194_1368690554485331_1270461695744059878_n-225x300.jpg 225w, http:\/\/www.radnotiiskola.hu\/new\/wp-content\/uploads\/2025\/03\/484515194_1368690554485331_1270461695744059878_n-768x1024.jpg 768w, http:\/\/www.radnotiiskola.hu\/new\/wp-content\/uploads\/2025\/03\/484515194_1368690554485331_1270461695744059878_n-1152x1536.jpg 1152w, http:\/\/www.radnotiiskola.hu\/new\/wp-content\/uploads\/2025\/03\/484515194_1368690554485331_1270461695744059878_n.jpg 1536w\" sizes=\"auto, (max-width: 225px) 100vw, 225px\" \/><\/p>\n","protected":false},"excerpt":{"rendered":"<p>A Gy\u0151ri Radn\u00f3ti Mikl\u00f3s \u00c1ltal\u00e1nos Iskola 3-8. oszt\u00e1lyos tanul\u00f3i az id\u00e9n is bekapcsol\u00f3dtak a P\u00c9NZ7 rendezv\u00e9nyeibe.<\/p>\n","protected":false},"author":4,"featured_media":0,"comment_status":"closed","ping_status":"open","sticky":false,"template":"","format":"standard","meta":{"ngg_post_thumbnail":0,"footnotes":""},"categories":[59],"tags":[],"class_list":["post-4273","post","type-post","status-publish","format-standard","hentry","category-esemenyek-2025"],"_links":{"self":[{"href":"http:\/\/www.radnotiiskola.hu\/new\/wp-json\/wp\/v2\/posts\/4273","targetHints":{"allow":["GET"]}}],"collection":[{"href":"http:\/\/www.radnotiiskola.hu\/new\/wp-json\/wp\/v2\/posts"}],"about":[{"href":"http:\/\/www.radnotiiskola.hu\/new\/wp-json\/wp\/v2\/types\/post"}],"author":[{"embeddable":true,"href":"http:\/\/www.radnotiiskola.hu\/new\/wp-json\/wp\/v2\/users\/4"}],"replies":[{"embeddable":true,"href":"http:\/\/www.radnotiiskola.hu\/new\/wp-json\/wp\/v2\/comments?post=4273"}],"version-history":[{"count":0,"href":"http:\/\/www.radnotiiskola.hu\/new\/wp-json\/wp\/v2\/posts\/4273\/revisions"}],"wp:attachment":[{"href":"http:\/\/www.radnotiiskola.hu\/new\/wp-json\/wp\/v2\/media?parent=4273"}],"wp:term":[{"taxonomy":"category","embeddable":true,"href":"http:\/\/www.radnotiiskola.hu\/new\/wp-json\/wp\/v2\/categories?post=4273"},{"taxonomy":"post_tag","embeddable":true,"href":"http:\/\/www.radnotiiskola.hu\/new\/wp-json\/wp\/v2\/tags?post=4273"}],"curies":[{"name":"wp","href":"https:\/\/api.w.org\/{rel}","templated":true}]}}