{"id":4297,"date":"2025-04-02T10:08:39","date_gmt":"2025-04-02T10:08:39","guid":{"rendered":"https:\/\/www.radnotiiskola.hu\/new\/?p=4297"},"modified":"2025-07-08T14:16:11","modified_gmt":"2025-07-08T14:16:11","slug":"intezmenyunk-2025-aprilis-havi-programja","status":"publish","type":"post","link":"http:\/\/www.radnotiiskola.hu\/new\/2025\/04\/02\/intezmenyunk-2025-aprilis-havi-programja\/","title":{"rendered":"Int\u00e9zm\u00e9ny\u00fcnk 2025. \u00e1prilis havi programja"},"content":{"rendered":"\n<p><!--more--><\/p>\n<table  class=\" table table-hover\" width=\"615\">\n<tbody>\n<tr>\n<td colspan=\"3\" width=\"615\">\n<p style=\"text-align: center;\">&nbsp;<strong>Gy\u0151ri Radn\u00f3ti Mikl\u00f3s \u00c1ltal\u00e1nos Iskola<\/strong><\/p>\n<p style=\"text-align: center;\"><strong>\u00c1prilis havi programja<\/strong><\/p>\n<\/td>\n<\/tr>\n<tr>\n<td width=\"133\">\n<p>2025.04.01.<\/p>\n<\/td>\n<td width=\"123\">\n<p>kedd<\/p>\n<\/td>\n<td width=\"359\">\n<p>&nbsp;<\/p>\n<\/td>\n<\/tr>\n<tr>\n<td width=\"133\">\n<p>2025.04.02.<\/p>\n<\/td>\n<td width=\"123\">\n<p>szerda<\/p>\n<\/td>\n<td width=\"359\">\n<p>Belv\u00e1rosi Suliv\u00e1r\u00f3<\/p>\n<p>felel\u0151s: Varga Violetta<\/p>\n<\/td>\n<\/tr>\n<tr>\n<td width=\"133\">\n<p>2025.04.03.<\/p>\n<\/td>\n<td width=\"123\">\n<p>cs\u00fct\u00f6rt\u00f6k<\/p>\n<\/td>\n<td width=\"359\">\n<p>7 \u00f3ra Tantest\u00fcleti megbesz\u00e9l\u00e9s<\/p>\n<p>14 \u00f3ra online el\u0151ad\u00e1s: M\u00e9sz\u00e1rosn\u00e9 Nagy \u00c9va matematika szaktan\u00e1csad\u00f3: A matematika kompetencia fejleszt\u00e9se<\/p>\n<p>felel\u0151s: Juh\u00e1szn\u00e9 Csordos T\u00fcnde<\/p>\n<\/td>\n<\/tr>\n<tr>\n<td width=\"133\">\n<p>2025.04.04.<\/p>\n<\/td>\n<td width=\"123\">\n<p>p\u00e9ntek<\/p>\n<\/td>\n<td width=\"359\">\n<p>10-12 \u00f3ra Nemzeti Eml\u00e9kezetpedag\u00f3giai Program 7.a<\/p>\n<p>felel\u0151s: Juh\u00e1szn\u00e9, Sulyokn\u00e9, L\u00e1szl\u00f3n\u00e9<\/p>\n<\/td>\n<\/tr>\n<tr>\n<td width=\"133\">\n<p>2025.04.05.<\/p>\n<\/td>\n<td width=\"123\">\n<p>szombat<\/p>\n<\/td>\n<td width=\"359\">\n<p>&nbsp;<\/p>\n<\/td>\n<\/tr>\n<tr>\n<td width=\"133\">\n<p>2025.04.06.<\/p>\n<\/td>\n<td width=\"123\">\n<p>vas\u00e1rnap<\/p>\n<\/td>\n<td width=\"359\">\n<p>&nbsp;<\/p>\n<\/td>\n<\/tr>\n<tr>\n<td width=\"133\">\n<p>2025.04.07.<\/p>\n<\/td>\n<td width=\"123\">\n<p>h\u00e9tf\u0151<\/p>\n<\/td>\n<td width=\"359\">\n<p>Fenntarthat\u00f3s\u00e1gi t\u00e9mah\u00e9t<\/p>\n<p>felel\u0151s: Fut\u00f3 P\u00e9ter, T\u00f6rk\u00f6ly Enik\u0151<\/p>\n<p>Bozsik program<\/p>\n<p>felel\u0151s: V\u00edgh Zsolt<\/p>\n<p>Digit\u00e1lis orsz\u00e1gos kompetenciam\u00e9r\u00e9s<\/p>\n<p>6.a \u2013 Sz\u00f6veg\u00e9rt\u00e9s-matematika<\/p>\n<p>felel\u0151s: Juh\u00e1szn\u00e9 Csordos T\u00fcnde, Varga T\u00edmea<\/p>\n<\/td>\n<\/tr>\n<tr>\n<td width=\"133\">\n<p>2025.04.08.<\/p>\n<\/td>\n<td width=\"123\">\n<p>kedd<\/p>\n<\/td>\n<td width=\"359\">\n<p>Digit\u00e1lis orsz\u00e1gos kompetenciam\u00e9r\u00e9s<\/p>\n<p>6.a \u2013Term\u00e9szettudom\u00e1ny-idegen nyelv<\/p>\n<p>felel\u0151s: Juh\u00e1szn\u00e9 Csordos T\u00fcnde, Varga T\u00edmea<\/p>\n<\/td>\n<\/tr>\n<tr>\n<td width=\"133\">\n<p>2025.04.09.<\/p>\n<\/td>\n<td width=\"123\">\n<p>szerda<\/p>\n<\/td>\n<td width=\"359\">\n<p>Digit\u00e1lis orsz\u00e1gos kompetenciam\u00e9r\u00e9s<\/p>\n<p>6.a \u2013Digit\u00e1lis kult\u00fara-t\u00f6rt\u00e9nelem<\/p>\n<p>felel\u0151s: Juh\u00e1szn\u00e9 Csordos T\u00fcnde, Varga T\u00edmea<\/p>\n<p>Belv\u00e1rosi Suliv\u00e1r\u00f3<\/p>\n<p>felel\u0151s: Kolossv\u00e1ryn\u00e9 Szunyogh Csilla<\/p>\n<\/td>\n<\/tr>\n<tr>\n<td width=\"133\">\n<p>2025.04.10.<\/p>\n<\/td>\n<td width=\"123\">\n<p>cs\u00fct\u00f6rt\u00f6k<\/p>\n<\/td>\n<td width=\"359\">\n<p>Toj\u00e1smint\u00e1z\u00f3 verseny<\/p>\n<p>felel\u0151s: Kolossv\u00e1ryn\u00e9 Szunyogh Csilla<\/p>\n<p>Locsol\u00f3 vers\u00edr\u00f3 \u00e9s versmond\u00f3verseny<\/p>\n<p>felel\u0151s: Nagy \u00c9va<\/p>\n<p>16-17 \u00f3ra Fogad\u00f3\u00f3ra<\/p>\n<p>Leend\u0151 1. oszt\u00e1lyosok be\u00edrat\u00e1sa<\/p>\n<p>felel\u0151s: Juh\u00e1szn\u00e9 Csordos T\u00fcnde<\/p>\n<\/td>\n<\/tr>\n<tr>\n<td width=\"133\">\n<p>2025.04.11.<\/p>\n<\/td>\n<td width=\"123\">\n<p>p\u00e9ntek<\/p>\n<\/td>\n<td width=\"359\">\n<p>K\u00f6lt\u00e9szet napja: H\u00e1zi szaval\u00f3verseny<\/p>\n<p>felel\u0151s: Harcs\u00e1n\u00e9 Auerbach Petra, F\u00e1bi\u00e1n Judit<\/p>\n<p>Leend\u0151 1. oszt\u00e1lyosok be\u00edrat\u00e1sa<\/p>\n<p>felel\u0151s: Sulyokn\u00e9 Kelemen Judit<\/p>\n<\/td>\n<\/tr>\n<tr>\n<td width=\"133\">\n<p>2025.04.12.<\/p>\n<\/td>\n<td width=\"123\">\n<p>szombat<\/p>\n<\/td>\n<td width=\"359\">\n<p>&nbsp;<\/p>\n<\/td>\n<\/tr>\n<tr>\n<td width=\"133\">\n<p>2025.04.13.<\/p>\n<\/td>\n<td width=\"123\">\n<p>vas\u00e1rnap<\/p>\n<\/td>\n<td width=\"359\">\n<p>&nbsp;<\/p>\n<\/td>\n<\/tr>\n<tr>\n<td width=\"133\">\n<p>2025.04.14.<\/p>\n<\/td>\n<td width=\"123\">\n<p>h\u00e9tf\u0151<\/p>\n<\/td>\n<td width=\"359\">\n<p>5.ab Erdei iskola<\/p>\n<p>felel\u0151s: Kiss L\u00e1szl\u00f3n\u00e9, Radv\u00e1nszki M\u00f3nika<\/p>\n<\/td>\n<\/tr>\n<tr>\n<td width=\"133\">\n<p>2025.04.15.<\/p>\n<\/td>\n<td width=\"123\">\n<p>kedd<\/p>\n<\/td>\n<td width=\"359\">\n<p>5.ab Erdei iskola<\/p>\n<p>felel\u0151s: Kiss L\u00e1szl\u00f3n\u00e9, Radv\u00e1nszki M\u00f3nika<\/p>\n<\/td>\n<\/tr>\n<tr>\n<td width=\"133\">\n<p>2025.04.16.<\/p>\n<\/td>\n<td width=\"123\">\n<p>szerda<\/p>\n<\/td>\n<td width=\"359\">\n<p>5.ab Erdei iskola<\/p>\n<p>felel\u0151s: Kiss L\u00e1szl\u00f3n\u00e9, Radv\u00e1nszki M\u00f3nika<\/p>\n<p>Tavaszi sz\u00fcnet el\u0151tti utols\u00f3 tan\u00edt\u00e1si nap<\/p>\n<p>Holokauszt Magyarorsz\u00e1gi \u00c1ldozatainak Eml\u00e9knapj\u00e1r\u00f3l megeml\u00e9kez\u00e9s<\/p>\n<p>felel\u0151s: Varga T\u00edmea<\/p>\n<p>10.30-13 \u00f3ra 8.a Holokauszt Eml\u00e9km\u0171sor a Zsinag\u00f3g\u00e1ban<\/p>\n<p>felel\u0151s: Sulyokn\u00e9 Kelemen Judit, Juh\u00e1szn\u00e9 Cs. T\u00fcnde<\/p>\n<\/td>\n<\/tr>\n<tr>\n<td width=\"133\">\n<p>2025.04.17.<\/p>\n<\/td>\n<td width=\"123\">\n<p>cs\u00fct\u00f6rt\u00f6k<\/p>\n<\/td>\n<td width=\"359\">\n<p>Tavaszi sz\u00fcnet 1. napja<\/p>\n<\/td>\n<\/tr>\n<tr>\n<td width=\"133\">\n<p>2025.04.18.<\/p>\n<\/td>\n<td width=\"123\">\n<p>p\u00e9ntek<\/p>\n<\/td>\n<td width=\"359\">\n<p>Nagyp\u00e9ntek<\/p>\n<\/td>\n<\/tr>\n<tr>\n<td width=\"133\">\n<p>2025.04.19.<\/p>\n<\/td>\n<td width=\"123\">\n<p>szombat<\/p>\n<\/td>\n<td width=\"359\">\n<p>&nbsp;<\/p>\n<\/td>\n<\/tr>\n<tr>\n<td width=\"133\">\n<p>2025.04.20.<\/p>\n<\/td>\n<td width=\"123\">\n<p>vas\u00e1rnap<\/p>\n<\/td>\n<td width=\"359\">\n<p>&nbsp;<\/p>\n<\/td>\n<\/tr>\n<tr>\n<td width=\"133\">\n<p>2025.04.21.<\/p>\n<\/td>\n<td width=\"123\">\n<p>h\u00e9tf\u0151<\/p>\n<\/td>\n<td width=\"359\">\n<p>H\u00fasv\u00e9t h\u00e9tf\u0151<\/p>\n<\/td>\n<\/tr>\n<tr>\n<td width=\"133\">\n<p>2025.04.22.<\/p>\n<\/td>\n<td width=\"123\">\n<p>kedd<\/p>\n<\/td>\n<td width=\"359\">\n<p>&nbsp;<\/p>\n<\/td>\n<\/tr>\n<tr>\n<td width=\"133\">\n<p>2025.04.23.<\/p>\n<\/td>\n<td width=\"123\">\n<p>szerda<\/p>\n<\/td>\n<td width=\"359\">\n<p>&nbsp;<\/p>\n<\/td>\n<\/tr>\n<tr>\n<td width=\"133\">\n<p>2025.04.24.<\/p>\n<\/td>\n<td width=\"123\">\n<p>cs\u00fct\u00f6rt\u00f6k<\/p>\n<\/td>\n<td width=\"359\">\n<p>&nbsp;<\/p>\n<\/td>\n<\/tr>\n<tr>\n<td width=\"133\">\n<p>2025.04.25.<\/p>\n<\/td>\n<td width=\"123\">\n<p>p\u00e9ntek<\/p>\n<\/td>\n<td width=\"359\">\n<p>&nbsp;<\/p>\n<\/td>\n<\/tr>\n<tr>\n<td width=\"133\">\n<p>2025.04.26.<\/p>\n<\/td>\n<td width=\"123\">\n<p>szombat<\/p>\n<\/td>\n<td width=\"359\">\n<p>&nbsp;<\/p>\n<\/td>\n<\/tr>\n<tr>\n<td width=\"133\">\n<p>2025.04.27.<\/p>\n<\/td>\n<td width=\"123\">\n<p>vas\u00e1rnap<\/p>\n<\/td>\n<td width=\"359\">\n<p>&nbsp;<\/p>\n<\/td>\n<\/tr>\n<tr>\n<td width=\"133\">\n<p>2025.04.28.<\/p>\n<\/td>\n<td width=\"123\">\n<p>h\u00e9tf\u0151<\/p>\n<\/td>\n<td width=\"359\">\n<p>Tavaszi sz\u00fcnet ut\u00e1ni els\u0151 tan\u00edt\u00e1si nap<\/p>\n<\/td>\n<\/tr>\n<tr>\n<td width=\"133\">\n<p>2025.04.29.<\/p>\n<\/td>\n<td width=\"123\">\n<p>kedd<\/p>\n<\/td>\n<td width=\"359\">\n<p>Alap\u00edtv\u00e1nyi pap\u00edrgy\u0171jt\u00e9s<\/p>\n<p>felel\u0151s: Harcs\u00e1n\u00e9 Auerbach Petra<\/p>\n<p>14 \u00f3ra Vigy\u00e1zz, k\u00e9sz, p\u00e9nz! vet\u00e9lked\u0151 region\u00e1lis k\u00f6z\u00e9pd\u00f6nt\u0151<\/p>\n<p>felel\u0151s: Juh\u00e1szn\u00e9 Csordos T\u00fcnde<\/p>\n<p>14 \u00f3ra Mar\u00f3t Rezs\u0151 Matematika Verseny<\/p>\n<p>felel\u0151s: Kiss L\u00e1szl\u00f3n\u00e9<\/p>\n<\/td>\n<\/tr>\n<tr>\n<td width=\"133\">\n<p>2025.04.30.<\/p>\n<\/td>\n<td width=\"123\">\n<p>szerda<\/p>\n<\/td>\n<td width=\"359\">\n<p>&nbsp;<\/p>\n<\/td>\n<\/tr>\n<\/tbody>\n<\/table>\n<p>&nbsp;<\/p>\n","protected":false},"excerpt":{"rendered":"","protected":false},"author":4,"featured_media":0,"comment_status":"closed","ping_status":"open","sticky":false,"template":"","format":"standard","meta":{"ngg_post_thumbnail":0,"footnotes":""},"categories":[60],"tags":[],"class_list":["post-4297","post","type-post","status-publish","format-standard","hentry","category-havi-programok-2025"],"_links":{"self":[{"href":"http:\/\/www.radnotiiskola.hu\/new\/wp-json\/wp\/v2\/posts\/4297","targetHints":{"allow":["GET"]}}],"collection":[{"href":"http:\/\/www.radnotiiskola.hu\/new\/wp-json\/wp\/v2\/posts"}],"about":[{"href":"http:\/\/www.radnotiiskola.hu\/new\/wp-json\/wp\/v2\/types\/post"}],"author":[{"embeddable":true,"href":"http:\/\/www.radnotiiskola.hu\/new\/wp-json\/wp\/v2\/users\/4"}],"replies":[{"embeddable":true,"href":"http:\/\/www.radnotiiskola.hu\/new\/wp-json\/wp\/v2\/comments?post=4297"}],"version-history":[{"count":0,"href":"http:\/\/www.radnotiiskola.hu\/new\/wp-json\/wp\/v2\/posts\/4297\/revisions"}],"wp:attachment":[{"href":"http:\/\/www.radnotiiskola.hu\/new\/wp-json\/wp\/v2\/media?parent=4297"}],"wp:term":[{"taxonomy":"category","embeddable":true,"href":"http:\/\/www.radnotiiskola.hu\/new\/wp-json\/wp\/v2\/categories?post=4297"},{"taxonomy":"post_tag","embeddable":true,"href":"http:\/\/www.radnotiiskola.hu\/new\/wp-json\/wp\/v2\/tags?post=4297"}],"curies":[{"name":"wp","href":"https:\/\/api.w.org\/{rel}","templated":true}]}}