{"id":4308,"date":"2025-04-14T10:55:04","date_gmt":"2025-04-14T10:55:04","guid":{"rendered":"https:\/\/www.radnotiiskola.hu\/new\/?p=4308"},"modified":"2025-04-14T11:02:56","modified_gmt":"2025-04-14T11:02:56","slug":"tojasmintazo-verseny-2","status":"publish","type":"post","link":"http:\/\/www.radnotiiskola.hu\/new\/2025\/04\/14\/tojasmintazo-verseny-2\/","title":{"rendered":"Toj\u00e1smint\u00e1z\u00f3 verseny"},"content":{"rendered":"\n<p style=\"text-align: justify;\"><img loading=\"lazy\" decoding=\"async\" class=\"size-thumbnail wp-image-4230 alignright\" src=\"http:\/\/www.radnotiiskola.hu\/new\/wp-content\/uploads\/2025\/02\/tojasmintazo-150x150.jpg\" alt=\"\" width=\"150\" height=\"150\" srcset=\"http:\/\/www.radnotiiskola.hu\/new\/wp-content\/uploads\/2025\/02\/tojasmintazo-150x150.jpg 150w, http:\/\/www.radnotiiskola.hu\/new\/wp-content\/uploads\/2025\/02\/tojasmintazo-60x60.jpg 60w\" sizes=\"auto, (max-width: 150px) 100vw, 150px\" \/>Hagyom\u00e1nyunkhoz kapcsol\u00f3d\u00f3an H\u00fasv\u00e9t el\u0151tt&nbsp; megrendezt\u00fck a H\u00daSV\u00c9TI TOJ\u00c1SMINT\u00c1Z\u00d3 VERSENYT az als\u00f3 tagozatos gyermekek sz\u00e1m\u00e1ra. Az eredm\u00e9nyhirdet\u00e9sre \u00e1prilis 10-\u00e9n cs\u00fct\u00f6rt\u00f6k\u00f6n ker\u00fclt sor. Valamennyi kisdi\u00e1k szebbn\u00e9l szebb toj\u00e1st mint\u00e1zott, alkotott. Igaz\u00e1b\u00f3l mindenki nyertes, hiszen nagy kreativit\u00e1ssal, fant\u00e1zi\u00e1val, sz\u00e9p t\u00e9rbeli d\u00edsz\u00edt\u0151elemekkel, mot\u00edvumokkal, gazdag sz\u00ednhaszn\u00e1lattal dolgoztak a gyerekek t\u00f6bb \u00f3r\u00e1n \u00e1t, t\u00f6bb napon kereszt\u00fcl! K\u00f6sz\u00f6net felk\u00e9sz\u00edt\u0151 tan\u00e1raiknak is! Nem volt egyszer\u0171 a zs\u00fcri dolga.&nbsp; V\u00e9g\u00fcl a legvar\u00e1zslatosabb, leg\u00f6tletesebb, leghangulatosabb alkot\u00e1sokat d\u00edjaztuk.<!--more--><\/p>\n<ol>\n<li>helyez\u00e9st \u00e9rt el: Battsengel Oyumaa 1.a<\/li>\n<\/ol>\n<p>&nbsp;&nbsp;&nbsp;&nbsp;&nbsp;&nbsp;&nbsp;&nbsp;&nbsp;&nbsp;&nbsp;&nbsp;&nbsp;&nbsp;&nbsp;&nbsp;&nbsp;&nbsp;&nbsp;&nbsp;&nbsp;&nbsp;&nbsp;&nbsp;&nbsp;&nbsp;&nbsp;&nbsp; Gazsi Benjamin 2.a<\/p>\n<p>&nbsp;&nbsp;&nbsp;&nbsp;&nbsp;&nbsp;&nbsp;&nbsp;&nbsp;&nbsp;&nbsp;&nbsp;&nbsp; &nbsp;&nbsp;&nbsp;&nbsp;&nbsp;&nbsp;&nbsp;&nbsp;&nbsp;&nbsp;&nbsp;&nbsp;&nbsp;&nbsp;&nbsp;Munk-Od Uchral 2.b<\/p>\n<p>&nbsp;&nbsp;&nbsp;&nbsp;&nbsp;&nbsp;&nbsp;&nbsp;&nbsp;&nbsp;&nbsp;&nbsp;&nbsp;&nbsp;&nbsp;&nbsp;&nbsp;&nbsp;&nbsp;&nbsp;&nbsp;&nbsp;&nbsp;&nbsp;&nbsp;&nbsp;&nbsp;&nbsp; T\u00f3th Szofi 3.a<\/p>\n<p>&nbsp;&nbsp;&nbsp;&nbsp;&nbsp;&nbsp;&nbsp;&nbsp;&nbsp;&nbsp;&nbsp;&nbsp;&nbsp;&nbsp;&nbsp;&nbsp;&nbsp;&nbsp;&nbsp;&nbsp;&nbsp;&nbsp;&nbsp;&nbsp;&nbsp;&nbsp;&nbsp;&nbsp; Sztojka Fanni 4.a<\/p>\n<p>&nbsp; &nbsp; &nbsp; 2. helyez\u00e9st \u00e9rt el: Kratky \u00cdrisz 1.a<\/p>\n<p>&nbsp;&nbsp;&nbsp;&nbsp;&nbsp;&nbsp;&nbsp;&nbsp;&nbsp;&nbsp;&nbsp;&nbsp;&nbsp;&nbsp;&nbsp;&nbsp;&nbsp;&nbsp;&nbsp;&nbsp;&nbsp;&nbsp;&nbsp;&nbsp;&nbsp;&nbsp; &nbsp;&nbsp;Kov\u00e1cs Rebeka 2.a<\/p>\n<p>&nbsp;&nbsp;&nbsp;&nbsp;&nbsp;&nbsp;&nbsp;&nbsp;&nbsp;&nbsp;&nbsp;&nbsp;&nbsp;&nbsp;&nbsp;&nbsp;&nbsp;&nbsp;&nbsp;&nbsp;&nbsp;&nbsp;&nbsp;&nbsp;&nbsp;&nbsp;&nbsp;&nbsp; Fon\u00f3di Levente 2.b<\/p>\n<p>&nbsp;&nbsp;&nbsp;&nbsp;&nbsp;&nbsp;&nbsp;&nbsp;&nbsp;&nbsp;&nbsp;&nbsp;&nbsp;&nbsp;&nbsp;&nbsp;&nbsp;&nbsp;&nbsp;&nbsp;&nbsp;&nbsp;&nbsp;&nbsp;&nbsp;&nbsp;&nbsp;&nbsp; Br\u00fcckner Martin 3.a<\/p>\n<p>&nbsp;&nbsp;&nbsp;&nbsp;&nbsp;&nbsp;&nbsp;&nbsp;&nbsp;&nbsp;&nbsp;&nbsp;&nbsp;&nbsp;&nbsp;&nbsp;&nbsp;&nbsp;&nbsp;&nbsp;&nbsp;&nbsp;&nbsp;&nbsp;&nbsp;&nbsp;&nbsp;&nbsp; Kors\u00f3s Regina 4.a<\/p>\n<p>&nbsp; &nbsp; &nbsp; 3. helyez\u00e9st \u00e9rt el: Donchmaa Soyombo 1.a<\/p>\n<p>&nbsp;&nbsp;&nbsp;&nbsp;&nbsp;&nbsp;&nbsp;&nbsp;&nbsp;&nbsp;&nbsp;&nbsp;&nbsp;&nbsp;&nbsp;&nbsp;&nbsp;&nbsp;&nbsp;&nbsp;&nbsp;&nbsp;&nbsp;&nbsp;&nbsp;&nbsp;&nbsp;&nbsp; Szlov\u00e1k Dominik 2.a<\/p>\n<p>&nbsp;&nbsp;&nbsp;&nbsp;&nbsp;&nbsp;&nbsp;&nbsp;&nbsp;&nbsp;&nbsp;&nbsp;&nbsp;&nbsp;&nbsp;&nbsp;&nbsp;&nbsp;&nbsp;&nbsp;&nbsp;&nbsp;&nbsp;&nbsp;&nbsp;&nbsp;&nbsp;&nbsp; R\u00e9vhegyi Em\u00edlia 2.b<\/p>\n<p>&nbsp;&nbsp;&nbsp;&nbsp;&nbsp;&nbsp;&nbsp;&nbsp;&nbsp;&nbsp;&nbsp;&nbsp;&nbsp;&nbsp;&nbsp;&nbsp;&nbsp;&nbsp;&nbsp;&nbsp;&nbsp; &nbsp;&nbsp;&nbsp;&nbsp;&nbsp;&nbsp;&nbsp;Zhenis 3.a<\/p>\n<p>&nbsp;&nbsp;&nbsp;&nbsp;&nbsp;&nbsp;&nbsp;&nbsp;&nbsp;&nbsp;&nbsp;&nbsp;&nbsp;&nbsp;&nbsp;&nbsp;&nbsp;&nbsp;&nbsp;&nbsp;&nbsp;&nbsp;&nbsp;&nbsp;&nbsp;&nbsp;&nbsp;&nbsp; Hiba Vikt\u00f3ria 4.a&nbsp; &nbsp;&nbsp;oszt\u00e1lyos tanul\u00f3<\/p>\n<p>Sz\u00edvb\u0151l gratul\u00e1lunk a d\u00edjazott tanul\u00f3knak!&nbsp;<\/p>\n","protected":false},"excerpt":{"rendered":"<p>Hagyom\u00e1nyunkhoz kapcsol\u00f3d\u00f3an H\u00fasv\u00e9t el\u0151tt&nbsp; megrendezt\u00fck a H\u00daSV\u00c9TI TOJ\u00c1SMINT\u00c1Z\u00d3 VERSENYT az als\u00f3 tagozatos gyermekek sz\u00e1m\u00e1ra. Az eredm\u00e9nyhirdet\u00e9sre \u00e1prilis 10-\u00e9n cs\u00fct\u00f6rt\u00f6k\u00f6n ker\u00fclt sor. Valamennyi kisdi\u00e1k szebbn\u00e9l szebb toj\u00e1st mint\u00e1zott, alkotott. Igaz\u00e1b\u00f3l mindenki nyertes, hiszen nagy kreativit\u00e1ssal, fant\u00e1zi\u00e1val, sz\u00e9p t\u00e9rbeli d\u00edsz\u00edt\u0151elemekkel, mot\u00edvumokkal, gazdag sz\u00ednhaszn\u00e1lattal dolgoztak a gyerekek t\u00f6bb \u00f3r\u00e1n \u00e1t, t\u00f6bb napon kereszt\u00fcl! K\u00f6sz\u00f6net felk\u00e9sz\u00edt\u0151 tan\u00e1raiknak is! Nem [&hellip;]<\/p>\n","protected":false},"author":4,"featured_media":0,"comment_status":"closed","ping_status":"open","sticky":false,"template":"","format":"standard","meta":{"ngg_post_thumbnail":0,"footnotes":""},"categories":[61],"tags":[],"class_list":["post-4308","post","type-post","status-publish","format-standard","hentry","category-eredmenyek-2025"],"_links":{"self":[{"href":"http:\/\/www.radnotiiskola.hu\/new\/wp-json\/wp\/v2\/posts\/4308","targetHints":{"allow":["GET"]}}],"collection":[{"href":"http:\/\/www.radnotiiskola.hu\/new\/wp-json\/wp\/v2\/posts"}],"about":[{"href":"http:\/\/www.radnotiiskola.hu\/new\/wp-json\/wp\/v2\/types\/post"}],"author":[{"embeddable":true,"href":"http:\/\/www.radnotiiskola.hu\/new\/wp-json\/wp\/v2\/users\/4"}],"replies":[{"embeddable":true,"href":"http:\/\/www.radnotiiskola.hu\/new\/wp-json\/wp\/v2\/comments?post=4308"}],"version-history":[{"count":0,"href":"http:\/\/www.radnotiiskola.hu\/new\/wp-json\/wp\/v2\/posts\/4308\/revisions"}],"wp:attachment":[{"href":"http:\/\/www.radnotiiskola.hu\/new\/wp-json\/wp\/v2\/media?parent=4308"}],"wp:term":[{"taxonomy":"category","embeddable":true,"href":"http:\/\/www.radnotiiskola.hu\/new\/wp-json\/wp\/v2\/categories?post=4308"},{"taxonomy":"post_tag","embeddable":true,"href":"http:\/\/www.radnotiiskola.hu\/new\/wp-json\/wp\/v2\/tags?post=4308"}],"curies":[{"name":"wp","href":"https:\/\/api.w.org\/{rel}","templated":true}]}}