{"id":4313,"date":"2025-04-14T11:09:23","date_gmt":"2025-04-14T11:09:23","guid":{"rendered":"https:\/\/www.radnotiiskola.hu\/new\/?p=4313"},"modified":"2025-07-08T15:44:39","modified_gmt":"2025-07-08T15:44:39","slug":"akikre-buszkek-vagyunk-4","status":"publish","type":"post","link":"http:\/\/www.radnotiiskola.hu\/new\/2025\/04\/14\/akikre-buszkek-vagyunk-4\/","title":{"rendered":"Akikre b\u00fcszk\u00e9k vagyunk&#8230;.."},"content":{"rendered":"\n<p><img loading=\"lazy\" decoding=\"async\" class=\"size-medium wp-image-4314 alignright\" src=\"http:\/\/www.radnotiiskola.hu\/new\/wp-content\/uploads\/2025\/04\/image0-3-300x225.jpeg\" alt=\"\" width=\"300\" height=\"225\" srcset=\"http:\/\/www.radnotiiskola.hu\/new\/wp-content\/uploads\/2025\/04\/image0-3-300x225.jpeg 300w, http:\/\/www.radnotiiskola.hu\/new\/wp-content\/uploads\/2025\/04\/image0-3.jpeg 640w\" sizes=\"auto, (max-width: 300px) 100vw, 300px\" \/>Gy\u0151r V\u00e1rosi Di\u00e1kolimpia 100 m IV. koroszt\u00e1ly fi\u00fa<br>1. Helyezett Tak\u00e1cs \u00c1ron 7.a oszt\u00e1lyos tanul\u00f3<br>Kisebb s\u00e9r\u00fcl\u00e9st szedett \u00f6ssze, de t\u00e1volugr\u00e1sban \u00edgy isa legjobb hat k\u00f6z\u00f6tt v\u00e9gzett.<br><br>Gratul\u00e1lunk!<br>Felk\u00e9sz\u00edt\u0151 tan\u00e1r N\u00e9meth Zolt\u00e1n.<!--more--><\/p>\n<p><img loading=\"lazy\" decoding=\"async\" class=\"size-medium wp-image-4315 alignleft\" src=\"http:\/\/www.radnotiiskola.hu\/new\/wp-content\/uploads\/2025\/04\/image2-300x225.jpeg\" alt=\"\" width=\"300\" height=\"225\" srcset=\"http:\/\/www.radnotiiskola.hu\/new\/wp-content\/uploads\/2025\/04\/image2-300x225.jpeg 300w, http:\/\/www.radnotiiskola.hu\/new\/wp-content\/uploads\/2025\/04\/image2.jpeg 640w\" sizes=\"auto, (max-width: 300px) 100vw, 300px\" \/> <img loading=\"lazy\" decoding=\"async\" class=\"size-medium wp-image-4316 alignleft\" src=\"http:\/\/www.radnotiiskola.hu\/new\/wp-content\/uploads\/2025\/04\/image1-1-225x300.jpeg\" alt=\"\" width=\"225\" height=\"300\" srcset=\"http:\/\/www.radnotiiskola.hu\/new\/wp-content\/uploads\/2025\/04\/image1-1-225x300.jpeg 225w, http:\/\/www.radnotiiskola.hu\/new\/wp-content\/uploads\/2025\/04\/image1-1-rotated.jpeg 480w\" sizes=\"auto, (max-width: 225px) 100vw, 225px\" \/><\/p>\n\n\n","protected":false},"excerpt":{"rendered":"<p>Gy\u0151r V\u00e1rosi Di\u00e1kolimpia 100 m IV. koroszt\u00e1ly fi\u00fa1. Helyezett Tak\u00e1cs \u00c1ron 7.a oszt\u00e1lyos tanul\u00f3Kisebb s\u00e9r\u00fcl\u00e9st szedett \u00f6ssze, de t\u00e1volugr\u00e1sban \u00edgy isa legjobb hat k\u00f6z\u00f6tt v\u00e9gzett. Gratul\u00e1lunk!Felk\u00e9sz\u00edt\u0151 tan\u00e1r N\u00e9meth Zolt\u00e1n.<\/p>\n","protected":false},"author":4,"featured_media":0,"comment_status":"closed","ping_status":"open","sticky":false,"template":"","format":"standard","meta":{"ngg_post_thumbnail":0,"footnotes":""},"categories":[65],"tags":[],"class_list":["post-4313","post","type-post","status-publish","format-standard","hentry","category-buszkesegeink-2025"],"_links":{"self":[{"href":"http:\/\/www.radnotiiskola.hu\/new\/wp-json\/wp\/v2\/posts\/4313","targetHints":{"allow":["GET"]}}],"collection":[{"href":"http:\/\/www.radnotiiskola.hu\/new\/wp-json\/wp\/v2\/posts"}],"about":[{"href":"http:\/\/www.radnotiiskola.hu\/new\/wp-json\/wp\/v2\/types\/post"}],"author":[{"embeddable":true,"href":"http:\/\/www.radnotiiskola.hu\/new\/wp-json\/wp\/v2\/users\/4"}],"replies":[{"embeddable":true,"href":"http:\/\/www.radnotiiskola.hu\/new\/wp-json\/wp\/v2\/comments?post=4313"}],"version-history":[{"count":0,"href":"http:\/\/www.radnotiiskola.hu\/new\/wp-json\/wp\/v2\/posts\/4313\/revisions"}],"wp:attachment":[{"href":"http:\/\/www.radnotiiskola.hu\/new\/wp-json\/wp\/v2\/media?parent=4313"}],"wp:term":[{"taxonomy":"category","embeddable":true,"href":"http:\/\/www.radnotiiskola.hu\/new\/wp-json\/wp\/v2\/categories?post=4313"},{"taxonomy":"post_tag","embeddable":true,"href":"http:\/\/www.radnotiiskola.hu\/new\/wp-json\/wp\/v2\/tags?post=4313"}],"curies":[{"name":"wp","href":"https:\/\/api.w.org\/{rel}","templated":true}]}}