{"id":4323,"date":"2025-04-27T17:03:32","date_gmt":"2025-04-27T17:03:32","guid":{"rendered":"https:\/\/www.radnotiiskola.hu\/new\/?p=4323"},"modified":"2025-04-27T17:03:32","modified_gmt":"2025-04-27T17:03:32","slug":"digitalis-temahet-2025","status":"publish","type":"post","link":"http:\/\/www.radnotiiskola.hu\/new\/2025\/04\/27\/digitalis-temahet-2025\/","title":{"rendered":"Digit\u00e1lis T\u00e9mah\u00e9t 2025"},"content":{"rendered":"\n<p style=\"text-align: justify;\"><img loading=\"lazy\" decoding=\"async\" class=\"size-medium wp-image-4324 alignright\" src=\"http:\/\/www.radnotiiskola.hu\/new\/wp-content\/uploads\/2025\/04\/honlap-300x173.png\" alt=\"\" width=\"300\" height=\"173\" srcset=\"http:\/\/www.radnotiiskola.hu\/new\/wp-content\/uploads\/2025\/04\/honlap-300x173.png 300w, http:\/\/www.radnotiiskola.hu\/new\/wp-content\/uploads\/2025\/04\/honlap-768x444.png 768w, http:\/\/www.radnotiiskola.hu\/new\/wp-content\/uploads\/2025\/04\/honlap.png 929w\" sizes=\"auto, (max-width: 300px) 100vw, 300px\" \/>Az \u201eA MI id\u0151nk\u201d projekt sor\u00e1n tanul\u00f3ink az id\u0151m\u00e9r\u00e9s, az id\u0151z\u00f3n\u00e1k kialakul\u00e1sa \u00e9s az \u00f3ra\u00e1t\u00e1ll\u00edt\u00e1s k\u00e9rd\u00e9sk\u00f6r\u00e9t j\u00e1rt\u00e1k k\u00f6rbe korszer\u0171 digit\u00e1lis eszk\u00f6z\u00f6k seg\u00edts\u00e9g\u00e9vel. A projekt c\u00e9lja az volt, hogy a di\u00e1kok meg\u00e9rts\u00e9k az id\u0151m\u00e9r\u00e9s t\u00f6rt\u00e9net\u00e9t, a technikai fejl\u0151d\u00e9s l\u00e9p\u00e9seit, valamint az id\u0151kezel\u00e9s glob\u00e1lis kih\u00edv\u00e1sait.<br>Munk\u00e1juk sor\u00e1n mesters\u00e9ges intelligenci\u00e1t alkalmaz\u00f3 online fel\u00fcleteket, t\u00e9rk\u00e9pes eszk\u00f6z\u00f6ket \u00e9s kreat\u00edv szoftvereket haszn\u00e1ltak.<!--more--><br>A tanul\u00f3k csoportokban kutattak, k\u00f6z\u00f6sen k\u00e9sz\u00edtettek digit\u00e1lis plak\u00e1tokat, id\u0151vonalakat \u00e9s prezent\u00e1ci\u00f3kat.<br>A projekt nagy hangs\u00falyt fektetett a kooperat\u00edv munk\u00e1ra, a kritikus gondolkod\u00e1s fejleszt\u00e9s\u00e9re \u00e9s az \u00f6n\u00e1ll\u00f3 inform\u00e1ci\u00f3keres\u00e9sre is. A gyerekek j\u00e1t\u00e9kos kv\u00edzek, interakt\u00edv bemutat\u00f3k \u00e9s saj\u00e1t fejleszt\u00e9s\u0171 alkalmaz\u00e1s\u00f6tletek r\u00e9v\u00e9n dolgozt\u00e1k fel a tanultakat.<br>Az id\u0151z\u00f3n\u00e1k meg\u00e9rt\u00e9se, az \u00f3ra\u00e1t\u00e1ll\u00edt\u00e1s indokainak felt\u00e1r\u00e1sa \u00e9s a technikai \u00faj\u00edt\u00e1sok megismer\u00e9se glob\u00e1lis szeml\u00e9letm\u00f3djukat is form\u00e1lta. A projekt eredm\u00e9nyek\u00e9nt tanul\u00f3ink nemcsak tud\u00e1sukban, hanem digit\u00e1lis kompetenci\u00e1jukban \u00e9s egy\u00fcttm\u0171k\u00f6d\u00e9si k\u00e9szs\u00e9g\u00fckben is sokat fejl\u0151dtek. Az elk\u00e9sz\u00fclt munk\u00e1kb\u00f3l egy k\u00f6z\u00f6s digit\u00e1lis ki\u00e1ll\u00edt\u00e1st \u00e1ll\u00edtottunk \u00f6ssze, amelyet b\u00fcszk\u00e9n mutattunk be az iskolai k\u00f6z\u00f6ss\u00e9gnek.<br>\u201eA MI id\u0151nk\u201d projekt megmutatta, hogy az id\u0151 nemcsak m\u00e9rhet\u0151, hanem \u00e9lm\u00e9nny\u00e9 is tehet\u0151 a tanul\u00e1s sor\u00e1n.<\/p>\n<p>A p\u00e1ly\u00e1zati alapdokumentumok pedig t\u00e9telesen kiemelve:<\/p>\n<ul>\n<li><a href=\"https:\/\/docs.google.com\/document\/d\/1SmL6Y466zMeLPh42CZThHMaJMxEQH-79\/edit?usp=sharing&amp;ouid=109610077803637555658&amp;rtpof=true&amp;sd=true\">M\u00f3dszertani aj\u00e1nl\u00e1s<\/a><\/li>\n<li><a href=\"https:\/\/docs.google.com\/document\/d\/1oquunQhhNJ4pR_pwfo79vEMYJ1HAlmxK\/edit?usp=sharing&amp;ouid=109610077803637555658&amp;rtpof=true&amp;sd=true\">Projektterv<\/a><\/li>\n<li><a href=\"https:\/\/docs.google.com\/spreadsheets\/d\/1Wv3uzmDvAyiecCPv5cltwEeOrOsjJV4q\/edit?usp=sharing&amp;ouid=109610077803637555658&amp;rtpof=true&amp;sd=true\">R\u00e9szv\u00e9teli tev\u00e9kenys\u00e9g&nbsp;<\/a><\/li>\n<\/ul>\n<p>Bemutat\u00f3 kisfilm:&nbsp;<\/p>\n<p><a href=\"https:\/\/drive.google.com\/file\/d\/1tkArG_SSdT9CUYGM0OeG0ZHMO9KOvVzx\/view?usp=sharing\"><img loading=\"lazy\" decoding=\"async\" class=\"size-medium wp-image-4325 aligncenter\" src=\"http:\/\/www.radnotiiskola.hu\/new\/wp-content\/uploads\/2025\/04\/media_video_icon_pc_800_wht-300x300.jpg\" alt=\"\" width=\"300\" height=\"300\" srcset=\"http:\/\/www.radnotiiskola.hu\/new\/wp-content\/uploads\/2025\/04\/media_video_icon_pc_800_wht-300x300.jpg 300w, http:\/\/www.radnotiiskola.hu\/new\/wp-content\/uploads\/2025\/04\/media_video_icon_pc_800_wht-150x150.jpg 150w, http:\/\/www.radnotiiskola.hu\/new\/wp-content\/uploads\/2025\/04\/media_video_icon_pc_800_wht-768x768.jpg 768w, http:\/\/www.radnotiiskola.hu\/new\/wp-content\/uploads\/2025\/04\/media_video_icon_pc_800_wht-60x60.jpg 60w, http:\/\/www.radnotiiskola.hu\/new\/wp-content\/uploads\/2025\/04\/media_video_icon_pc_800_wht.jpg 800w\" sizes=\"auto, (max-width: 300px) 100vw, 300px\" \/><\/a><\/p>\n\n\n\n\n","protected":false},"excerpt":{"rendered":"<p>Az \u201eA MI id\u0151nk\u201d projekt sor\u00e1n tanul\u00f3ink az id\u0151m\u00e9r\u00e9s, az id\u0151z\u00f3n\u00e1k kialakul\u00e1sa \u00e9s az \u00f3ra\u00e1t\u00e1ll\u00edt\u00e1s k\u00e9rd\u00e9sk\u00f6r\u00e9t j\u00e1rt\u00e1k k\u00f6rbe korszer\u0171 digit\u00e1lis eszk\u00f6z\u00f6k seg\u00edts\u00e9g\u00e9vel. A projekt c\u00e9lja az volt, hogy a di\u00e1kok meg\u00e9rts\u00e9k az id\u0151m\u00e9r\u00e9s t\u00f6rt\u00e9net\u00e9t, a technikai fejl\u0151d\u00e9s l\u00e9p\u00e9seit, valamint az id\u0151kezel\u00e9s glob\u00e1lis kih\u00edv\u00e1sait.Munk\u00e1juk sor\u00e1n mesters\u00e9ges intelligenci\u00e1t alkalmaz\u00f3 online fel\u00fcleteket, t\u00e9rk\u00e9pes eszk\u00f6z\u00f6ket \u00e9s kreat\u00edv szoftvereket haszn\u00e1ltak.<\/p>\n","protected":false},"author":4,"featured_media":0,"comment_status":"closed","ping_status":"open","sticky":false,"template":"","format":"standard","meta":{"ngg_post_thumbnail":0,"footnotes":""},"categories":[61],"tags":[],"class_list":["post-4323","post","type-post","status-publish","format-standard","hentry","category-eredmenyek-2025"],"_links":{"self":[{"href":"http:\/\/www.radnotiiskola.hu\/new\/wp-json\/wp\/v2\/posts\/4323","targetHints":{"allow":["GET"]}}],"collection":[{"href":"http:\/\/www.radnotiiskola.hu\/new\/wp-json\/wp\/v2\/posts"}],"about":[{"href":"http:\/\/www.radnotiiskola.hu\/new\/wp-json\/wp\/v2\/types\/post"}],"author":[{"embeddable":true,"href":"http:\/\/www.radnotiiskola.hu\/new\/wp-json\/wp\/v2\/users\/4"}],"replies":[{"embeddable":true,"href":"http:\/\/www.radnotiiskola.hu\/new\/wp-json\/wp\/v2\/comments?post=4323"}],"version-history":[{"count":0,"href":"http:\/\/www.radnotiiskola.hu\/new\/wp-json\/wp\/v2\/posts\/4323\/revisions"}],"wp:attachment":[{"href":"http:\/\/www.radnotiiskola.hu\/new\/wp-json\/wp\/v2\/media?parent=4323"}],"wp:term":[{"taxonomy":"category","embeddable":true,"href":"http:\/\/www.radnotiiskola.hu\/new\/wp-json\/wp\/v2\/categories?post=4323"},{"taxonomy":"post_tag","embeddable":true,"href":"http:\/\/www.radnotiiskola.hu\/new\/wp-json\/wp\/v2\/tags?post=4323"}],"curies":[{"name":"wp","href":"https:\/\/api.w.org\/{rel}","templated":true}]}}