{"id":4328,"date":"2025-04-16T17:13:10","date_gmt":"2025-04-16T17:13:10","guid":{"rendered":"https:\/\/www.radnotiiskola.hu\/new\/?p=4328"},"modified":"2025-04-27T17:17:42","modified_gmt":"2025-04-27T17:17:42","slug":"belvarosi-sulivaro-67","status":"publish","type":"post","link":"http:\/\/www.radnotiiskola.hu\/new\/2025\/04\/16\/belvarosi-sulivaro-67\/","title":{"rendered":"BELV\u00c1ROSI SULIV\u00c1R\u00d3"},"content":{"rendered":"\n<p style=\"text-align: center;\">2024. okt\u00f3ber 02 &#8211; 2025. \u00e1prilis 16.&nbsp;<\/p>\n<p><img loading=\"lazy\" decoding=\"async\" class=\"size-medium wp-image-4329 alignright\" src=\"http:\/\/www.radnotiiskola.hu\/new\/wp-content\/uploads\/2025\/04\/fbb4c2ac-0a85-4c3b-8a49-c2d2d3f05114-300x225.jpg\" alt=\"\" width=\"300\" height=\"225\" srcset=\"http:\/\/www.radnotiiskola.hu\/new\/wp-content\/uploads\/2025\/04\/fbb4c2ac-0a85-4c3b-8a49-c2d2d3f05114-300x225.jpg 300w, http:\/\/www.radnotiiskola.hu\/new\/wp-content\/uploads\/2025\/04\/fbb4c2ac-0a85-4c3b-8a49-c2d2d3f05114-1024x768.jpg 1024w, http:\/\/www.radnotiiskola.hu\/new\/wp-content\/uploads\/2025\/04\/fbb4c2ac-0a85-4c3b-8a49-c2d2d3f05114-768x576.jpg 768w, http:\/\/www.radnotiiskola.hu\/new\/wp-content\/uploads\/2025\/04\/fbb4c2ac-0a85-4c3b-8a49-c2d2d3f05114-1536x1152.jpg 1536w, http:\/\/www.radnotiiskola.hu\/new\/wp-content\/uploads\/2025\/04\/fbb4c2ac-0a85-4c3b-8a49-c2d2d3f05114.jpg 2048w\" sizes=\"auto, (max-width: 300px) 100vw, 300px\" \/>A <strong>2008-as tan\u00e9vt\u0151l<\/strong> hagyom\u00e1ny, hogy iskol\u00e1nkban iskola el\u0151k\u00e9sz\u00edt\u0151 foglalkoz\u00e1sokat tartunk heti szinten az \u00f3vod\u00e1s gyermekek sz\u00e1m\u00e1ra.<\/p>\n<p><strong>A c\u00e9l a kezdetekt\u0151l v\u00e1ltozatlan:<\/strong> j\u00e1t\u00e9kos, mozg\u00e1sos, bar\u00e1ts\u00e1gos l\u00e9gk\u00f6r\u0171 foglalkoz\u00e1sokon fejleszteni az iskol\u00e1ba k\u00e9sz\u00fcl\u0151 gyerekek azon k\u00e9pess\u00e9geit, amelyek a sikeres, z\u00f6kken\u0151mentes iskolakezd\u00e9shez sz\u00fcks\u00e9gesek. Int\u00e9zm\u00e9ny\u00fcnk arculat\u00e1hoz kapcsol\u00f3dva az alapk\u00e9szs\u00e9gek fejleszt\u00e9se mellett idegennyelvi alapoz\u00e1s, illetve a digit\u00e1lis kompetencia fejleszt\u00e9se is jelen van.<!--more--><\/p>\n<p>A foglalkoz\u00e1sokat t\u00f6bbs\u00e9g\u00e9ben als\u00f3s tan\u00edt\u00f3k tartj\u00e1k, heti v\u00e1lt\u00e1sban. A leend\u0151 els\u0151s tan\u00edt\u00f3k mindig r\u00e9szesei a csapatnak, hiszen m\u00e1r \u00edgy iskolakezd\u00e9s el\u0151tt megismerkedhetnek kis tan\u00edtv\u00e1nyaikkal.<\/p>\n<p><strong><img loading=\"lazy\" decoding=\"async\" class=\"size-large wp-image-4330 aligncenter\" src=\"http:\/\/www.radnotiiskola.hu\/new\/wp-content\/uploads\/2025\/04\/46977b33-bd66-4104-a637-d97672e8d76b-1024x768.jpg\" alt=\"\" width=\"648\" height=\"486\" srcset=\"http:\/\/www.radnotiiskola.hu\/new\/wp-content\/uploads\/2025\/04\/46977b33-bd66-4104-a637-d97672e8d76b-1024x768.jpg 1024w, http:\/\/www.radnotiiskola.hu\/new\/wp-content\/uploads\/2025\/04\/46977b33-bd66-4104-a637-d97672e8d76b-300x225.jpg 300w, http:\/\/www.radnotiiskola.hu\/new\/wp-content\/uploads\/2025\/04\/46977b33-bd66-4104-a637-d97672e8d76b-768x576.jpg 768w, http:\/\/www.radnotiiskola.hu\/new\/wp-content\/uploads\/2025\/04\/46977b33-bd66-4104-a637-d97672e8d76b-1536x1152.jpg 1536w, http:\/\/www.radnotiiskola.hu\/new\/wp-content\/uploads\/2025\/04\/46977b33-bd66-4104-a637-d97672e8d76b.jpg 2048w\" sizes=\"auto, (max-width: 648px) 100vw, 648px\" \/><\/strong><\/p>\n<p><strong>Az idei tan\u00e9vben:<\/strong> S\u00fct\u00f6rin\u00e9 Hada Ildik\u00f3, Varga Violetta, Kolossv\u00e1ryn\u00e9 Szunyogh Csilla \u00e9s Kov\u00e1csn\u00e9 Szab\u00f3 Judit tartott\u00e1k a sz\u00ednvonalas foglalkoz\u00e1sokat. A munk\u00e1t Varga T\u00edmea koll\u00e9gan\u0151 is seg\u00edtette. A programok az iskola honlapj\u00e1n, Facebook oldal\u00e1n \u00e9s a helyi Kisalf\u00f6ld napilapban is megjelen\u00e9sre ker\u00fcltek.<\/p>\n<p>Az \u00f3vodai \u201etan\u00f3r\u00e1k\u201d ingyenesek voltak. Iskol\u00e1nk kapuja pedig tov\u00e1bbra is minden leend\u0151 els\u0151s el\u0151tt nyitva fog \u00e1llni.<\/p>\n<p>\u00cdgy volt ez az id\u00e9n is. Az utols\u00f3 foglalkoz\u00e1son r\u00e9sztvev\u0151 gyerekek elismer\u0151 oklevelet \u00e9s aj\u00e1nd\u00e9kot vehettek \u00e1t!<\/p>\n<p>&nbsp;&nbsp;&nbsp;&nbsp;&nbsp;&nbsp;&nbsp;&nbsp;&nbsp;&nbsp;&nbsp;&nbsp;&nbsp;&nbsp;&nbsp;&nbsp;&nbsp;&nbsp;&nbsp;&nbsp;&nbsp;&nbsp;&nbsp;&nbsp;&nbsp;&nbsp;&nbsp;&nbsp;&nbsp;&nbsp;&nbsp;&nbsp;&nbsp;&nbsp;&nbsp;&nbsp;&nbsp;&nbsp;&nbsp;&nbsp;&nbsp;&nbsp;&nbsp;&nbsp;&nbsp;&nbsp;&nbsp;&nbsp;&nbsp;&nbsp;&nbsp;&nbsp;&nbsp;&nbsp;&nbsp;&nbsp;&nbsp;&nbsp;&nbsp;&nbsp;&nbsp;&nbsp;&nbsp;&nbsp;&nbsp;&nbsp;&nbsp;&nbsp;&nbsp;&nbsp;&nbsp;&nbsp;&nbsp;&nbsp;&nbsp;&nbsp;&nbsp;&nbsp;&nbsp;&nbsp;&nbsp;&nbsp;&nbsp;&nbsp;&nbsp;&nbsp;&nbsp;&nbsp;&nbsp;&nbsp;&nbsp;&nbsp;&nbsp;&nbsp;&nbsp;&nbsp;&nbsp;&nbsp;&nbsp;&nbsp;&nbsp;<\/p>\n<p style=\"text-align: right;\">&nbsp;<strong>S\u00fct\u00f6rin\u00e9 Hada Ildik\u00f3<\/strong><\/p>\n<p style=\"text-align: right;\">a program felel\u0151se<\/p>\n<p style=\"text-align: right;\">als\u00f3s munkak\u00f6z\u00f6ss\u00e9g-vezet\u0151<\/p>\n\n\n","protected":false},"excerpt":{"rendered":"<p>2024. okt\u00f3ber 02 &#8211; 2025. \u00e1prilis 16.&nbsp; A 2008-as tan\u00e9vt\u0151l hagyom\u00e1ny, hogy iskol\u00e1nkban iskola el\u0151k\u00e9sz\u00edt\u0151 foglalkoz\u00e1sokat tartunk heti szinten az \u00f3vod\u00e1s gyermekek sz\u00e1m\u00e1ra. A c\u00e9l a kezdetekt\u0151l v\u00e1ltozatlan: j\u00e1t\u00e9kos, mozg\u00e1sos, bar\u00e1ts\u00e1gos l\u00e9gk\u00f6r\u0171 foglalkoz\u00e1sokon fejleszteni az iskol\u00e1ba k\u00e9sz\u00fcl\u0151 gyerekek azon k\u00e9pess\u00e9geit, amelyek a sikeres, z\u00f6kken\u0151mentes iskolakezd\u00e9shez sz\u00fcks\u00e9gesek. Int\u00e9zm\u00e9ny\u00fcnk arculat\u00e1hoz kapcsol\u00f3dva az alapk\u00e9szs\u00e9gek fejleszt\u00e9se mellett idegennyelvi alapoz\u00e1s, [&hellip;]<\/p>\n","protected":false},"author":4,"featured_media":0,"comment_status":"closed","ping_status":"open","sticky":false,"template":"","format":"standard","meta":{"ngg_post_thumbnail":0,"footnotes":""},"categories":[63],"tags":[],"class_list":["post-4328","post","type-post","status-publish","format-standard","hentry","category-sulivaro-2025"],"_links":{"self":[{"href":"http:\/\/www.radnotiiskola.hu\/new\/wp-json\/wp\/v2\/posts\/4328","targetHints":{"allow":["GET"]}}],"collection":[{"href":"http:\/\/www.radnotiiskola.hu\/new\/wp-json\/wp\/v2\/posts"}],"about":[{"href":"http:\/\/www.radnotiiskola.hu\/new\/wp-json\/wp\/v2\/types\/post"}],"author":[{"embeddable":true,"href":"http:\/\/www.radnotiiskola.hu\/new\/wp-json\/wp\/v2\/users\/4"}],"replies":[{"embeddable":true,"href":"http:\/\/www.radnotiiskola.hu\/new\/wp-json\/wp\/v2\/comments?post=4328"}],"version-history":[{"count":0,"href":"http:\/\/www.radnotiiskola.hu\/new\/wp-json\/wp\/v2\/posts\/4328\/revisions"}],"wp:attachment":[{"href":"http:\/\/www.radnotiiskola.hu\/new\/wp-json\/wp\/v2\/media?parent=4328"}],"wp:term":[{"taxonomy":"category","embeddable":true,"href":"http:\/\/www.radnotiiskola.hu\/new\/wp-json\/wp\/v2\/categories?post=4328"},{"taxonomy":"post_tag","embeddable":true,"href":"http:\/\/www.radnotiiskola.hu\/new\/wp-json\/wp\/v2\/tags?post=4328"}],"curies":[{"name":"wp","href":"https:\/\/api.w.org\/{rel}","templated":true}]}}