{"id":4334,"date":"2025-04-29T13:38:54","date_gmt":"2025-04-29T13:38:54","guid":{"rendered":"https:\/\/www.radnotiiskola.hu\/new\/?p=4334"},"modified":"2025-07-08T15:44:13","modified_gmt":"2025-07-08T15:44:13","slug":"akikre-buszkek-vagyunk-5","status":"publish","type":"post","link":"http:\/\/www.radnotiiskola.hu\/new\/2025\/04\/29\/akikre-buszkek-vagyunk-5\/","title":{"rendered":"Akikre b\u00fcszk\u00e9k vagyunk&#8230;"},"content":{"rendered":"\n<p><img loading=\"lazy\" decoding=\"async\" class=\"size-medium wp-image-4336 alignleft\" src=\"http:\/\/www.radnotiiskola.hu\/new\/wp-content\/uploads\/2025\/04\/99b62766-bd87-403e-a9ca-922c467a48d0-225x300.jpg\" alt=\"\" width=\"225\" height=\"300\" srcset=\"http:\/\/www.radnotiiskola.hu\/new\/wp-content\/uploads\/2025\/04\/99b62766-bd87-403e-a9ca-922c467a48d0-225x300.jpg 225w, http:\/\/www.radnotiiskola.hu\/new\/wp-content\/uploads\/2025\/04\/99b62766-bd87-403e-a9ca-922c467a48d0-768x1024.jpg 768w, http:\/\/www.radnotiiskola.hu\/new\/wp-content\/uploads\/2025\/04\/99b62766-bd87-403e-a9ca-922c467a48d0-1152x1536.jpg 1152w, http:\/\/www.radnotiiskola.hu\/new\/wp-content\/uploads\/2025\/04\/99b62766-bd87-403e-a9ca-922c467a48d0.jpg 1536w\" sizes=\"auto, (max-width: 225px) 100vw, 225px\" \/>Iskol\u00e1nk tanul\u00f3i A Vigy\u00e1zz, k\u00e9sz, p\u00e9nz! p\u00e9nz\u00fcgyi vet\u00e9lked\u0151 region\u00e1lis k\u00f6z\u00e9pd\u00f6nt\u0151j\u00e9be jutottak. Gratul\u00e1lunk kimagasl\u00f3 teljes\u00edtm\u00e9ny\u00fckh\u00f6z!&nbsp;<\/p>\n<p>A csapat tagjai: Bella Kiara, Gajdos M\u00e1t\u00e9, Tak\u00e1cs Noel \u00e9s Harczos Zerind <br>Felk\u00e9sz\u00edt\u0151 tan\u00e1ruk: Juh\u00e1szn\u00e9 Csordos<\/p>\n<p><img loading=\"lazy\" decoding=\"async\" class=\"alignleft wp-image-4335 size-thumbnail\" src=\"http:\/\/www.radnotiiskola.hu\/new\/wp-content\/uploads\/2025\/04\/f40517eb-cf16-457c-abab-d8402e5ed1d0-150x150.jpg\" alt=\"\" width=\"150\" height=\"150\" srcset=\"http:\/\/www.radnotiiskola.hu\/new\/wp-content\/uploads\/2025\/04\/f40517eb-cf16-457c-abab-d8402e5ed1d0-150x150.jpg 150w, http:\/\/www.radnotiiskola.hu\/new\/wp-content\/uploads\/2025\/04\/f40517eb-cf16-457c-abab-d8402e5ed1d0-60x60.jpg 60w\" sizes=\"auto, (max-width: 150px) 100vw, 150px\" \/><\/p>\n<p>&nbsp;<\/p>\n","protected":false},"excerpt":{"rendered":"<p>Iskol\u00e1nk tanul\u00f3i A Vigy\u00e1zz, k\u00e9sz, p\u00e9nz! p\u00e9nz\u00fcgyi vet\u00e9lked\u0151 region\u00e1lis k\u00f6z\u00e9pd\u00f6nt\u0151j\u00e9be jutottak. Gratul\u00e1lunk kimagasl\u00f3 teljes\u00edtm\u00e9ny\u00fckh\u00f6z!&nbsp; A csapat tagjai: Bella Kiara, Gajdos M\u00e1t\u00e9, Tak\u00e1cs Noel \u00e9s Harczos Zerind Felk\u00e9sz\u00edt\u0151 tan\u00e1ruk: Juh\u00e1szn\u00e9 Csordos &nbsp;<\/p>\n","protected":false},"author":4,"featured_media":0,"comment_status":"closed","ping_status":"open","sticky":false,"template":"","format":"standard","meta":{"ngg_post_thumbnail":0,"footnotes":""},"categories":[65],"tags":[],"class_list":["post-4334","post","type-post","status-publish","format-standard","hentry","category-buszkesegeink-2025"],"_links":{"self":[{"href":"http:\/\/www.radnotiiskola.hu\/new\/wp-json\/wp\/v2\/posts\/4334","targetHints":{"allow":["GET"]}}],"collection":[{"href":"http:\/\/www.radnotiiskola.hu\/new\/wp-json\/wp\/v2\/posts"}],"about":[{"href":"http:\/\/www.radnotiiskola.hu\/new\/wp-json\/wp\/v2\/types\/post"}],"author":[{"embeddable":true,"href":"http:\/\/www.radnotiiskola.hu\/new\/wp-json\/wp\/v2\/users\/4"}],"replies":[{"embeddable":true,"href":"http:\/\/www.radnotiiskola.hu\/new\/wp-json\/wp\/v2\/comments?post=4334"}],"version-history":[{"count":0,"href":"http:\/\/www.radnotiiskola.hu\/new\/wp-json\/wp\/v2\/posts\/4334\/revisions"}],"wp:attachment":[{"href":"http:\/\/www.radnotiiskola.hu\/new\/wp-json\/wp\/v2\/media?parent=4334"}],"wp:term":[{"taxonomy":"category","embeddable":true,"href":"http:\/\/www.radnotiiskola.hu\/new\/wp-json\/wp\/v2\/categories?post=4334"},{"taxonomy":"post_tag","embeddable":true,"href":"http:\/\/www.radnotiiskola.hu\/new\/wp-json\/wp\/v2\/tags?post=4334"}],"curies":[{"name":"wp","href":"https:\/\/api.w.org\/{rel}","templated":true}]}}