{"id":4355,"date":"2025-06-11T18:22:42","date_gmt":"2025-06-11T18:22:42","guid":{"rendered":"https:\/\/www.radnotiiskola.hu\/new\/?p=4355"},"modified":"2025-06-11T18:22:43","modified_gmt":"2025-06-11T18:22:43","slug":"ev-roplabda-edzoje","status":"publish","type":"post","link":"http:\/\/www.radnotiiskola.hu\/new\/2025\/06\/11\/ev-roplabda-edzoje\/","title":{"rendered":"\u00c9v R\u00f6plabda Edz\u0151je"},"content":{"rendered":"\n\n\n<p><img loading=\"lazy\" decoding=\"async\" class=\"size-medium wp-image-4356 alignright\" src=\"http:\/\/www.radnotiiskola.hu\/new\/wp-content\/uploads\/2025\/06\/Kepernyokep-2025-06-11-092123-300x238.jpg\" alt=\"\" width=\"300\" height=\"238\" srcset=\"http:\/\/www.radnotiiskola.hu\/new\/wp-content\/uploads\/2025\/06\/Kepernyokep-2025-06-11-092123-300x238.jpg 300w, http:\/\/www.radnotiiskola.hu\/new\/wp-content\/uploads\/2025\/06\/Kepernyokep-2025-06-11-092123.jpg 551w\" sizes=\"auto, (max-width: 300px) 100vw, 300px\" \/>Nagy \u00f6r\u00f6mmel \u00e9s b\u00fcszkes\u00e9ggel t\u00f6lt el benn\u00fcnket, hogy iskol\u00e1nk testnevel\u0151je N\u00e9meth Zolt\u00e1n tan\u00e1r \u00far elnyerte az \u201e\u00c9v R\u00f6plabda Edz\u0151je\u201d c\u00edmet a gy\u0151ri \u00e1ltal\u00e1nos iskolai kateg\u00f3ri\u00e1ban! Ez a rangos elismer\u00e9s Gy\u0151r v\u00e1ros\u00e1ban a legkiemelked\u0151bb ut\u00e1np\u00f3tl\u00e1s edz\u0151ket d\u00edjazza.<!--more--><\/p>\n<p>A d\u00edjat annak elismer\u00e9sek\u00e9nt kapta, hogy iskol\u00e1nk a III. \u00e9s IV. korcsoportos di\u00e1kolimpi\u00e1n a legt\u00f6bb r\u00f6plabdacsapatot ind\u00edtotta, \u00edgy akt\u00edv r\u00e9szv\u00e9tel\u00fcnkkel \u00e9s elhivatotts\u00e1gunkkal hozz\u00e1j\u00e1rultunk a sport\u00e1g n\u00e9pszer\u0171s\u00edt\u00e9s\u00e9hez \u00e9s fejl\u0151d\u00e9s\u00e9hez. A versenyeken nemcsak a r\u00e9szv\u00e9tel volt kiemelked\u0151, hanem&nbsp;a v\u00e1rmegyei d\u00f6nt\u0151k\u00f6n t\u00f6bb csapatunk is dobog\u00f3s helyez\u00e9st \u00e9rt el, ami tov\u00e1bb er\u0151s\u00edti az iskol\u00e1nkban foly\u00f3 sz\u00ednvonalas sportmunk\u00e1t \u00e9s a k\u00f6z\u00f6ss\u00e9g erej\u00e9t.<\/p>\n<p>Gratul\u00e1lunk testnevel\u0151nknek, aki elk\u00f6telezett munk\u00e1j\u00e1val \u00e9s szak\u00e9rtelm\u00e9vel nemcsak eredm\u00e9nyes csapatokat nevelt, hanem sz\u00e1mos di\u00e1k sz\u00e1m\u00e1ra tette vonz\u00f3v\u00e1 \u00e9s szerethet\u0151v\u00e9 a r\u00f6plabd\u00e1t!<\/p>\n<p>K\u00f6sz\u00f6nj\u00fck az eg\u00e9sz k\u00f6z\u00f6ss\u00e9g t\u00e1mogat\u00e1s\u00e1t, \u00e9s b\u00edzunk benne, hogy a j\u00f6v\u0151ben is hasonl\u00f3 sikereket \u00e9r\u00fcnk el egy\u00fctt!<\/p>\n","protected":false},"excerpt":{"rendered":"<p>Nagy \u00f6r\u00f6mmel \u00e9s b\u00fcszkes\u00e9ggel t\u00f6lt el benn\u00fcnket, hogy iskol\u00e1nk testnevel\u0151je N\u00e9meth Zolt\u00e1n tan\u00e1r \u00far elnyerte az \u201e\u00c9v R\u00f6plabda Edz\u0151je\u201d c\u00edmet a gy\u0151ri \u00e1ltal\u00e1nos iskolai kateg\u00f3ri\u00e1ban! Ez a rangos elismer\u00e9s Gy\u0151r v\u00e1ros\u00e1ban a legkiemelked\u0151bb ut\u00e1np\u00f3tl\u00e1s edz\u0151ket d\u00edjazza.<\/p>\n","protected":false},"author":4,"featured_media":0,"comment_status":"closed","ping_status":"open","sticky":false,"template":"","format":"standard","meta":{"ngg_post_thumbnail":0,"footnotes":""},"categories":[61],"tags":[],"class_list":["post-4355","post","type-post","status-publish","format-standard","hentry","category-eredmenyek-2025"],"_links":{"self":[{"href":"http:\/\/www.radnotiiskola.hu\/new\/wp-json\/wp\/v2\/posts\/4355","targetHints":{"allow":["GET"]}}],"collection":[{"href":"http:\/\/www.radnotiiskola.hu\/new\/wp-json\/wp\/v2\/posts"}],"about":[{"href":"http:\/\/www.radnotiiskola.hu\/new\/wp-json\/wp\/v2\/types\/post"}],"author":[{"embeddable":true,"href":"http:\/\/www.radnotiiskola.hu\/new\/wp-json\/wp\/v2\/users\/4"}],"replies":[{"embeddable":true,"href":"http:\/\/www.radnotiiskola.hu\/new\/wp-json\/wp\/v2\/comments?post=4355"}],"version-history":[{"count":0,"href":"http:\/\/www.radnotiiskola.hu\/new\/wp-json\/wp\/v2\/posts\/4355\/revisions"}],"wp:attachment":[{"href":"http:\/\/www.radnotiiskola.hu\/new\/wp-json\/wp\/v2\/media?parent=4355"}],"wp:term":[{"taxonomy":"category","embeddable":true,"href":"http:\/\/www.radnotiiskola.hu\/new\/wp-json\/wp\/v2\/categories?post=4355"},{"taxonomy":"post_tag","embeddable":true,"href":"http:\/\/www.radnotiiskola.hu\/new\/wp-json\/wp\/v2\/tags?post=4355"}],"curies":[{"name":"wp","href":"https:\/\/api.w.org\/{rel}","templated":true}]}}