{"id":4398,"date":"2025-06-21T15:31:45","date_gmt":"2025-06-21T15:31:45","guid":{"rendered":"https:\/\/www.radnotiiskola.hu\/new\/?p=4398"},"modified":"2025-07-08T15:39:08","modified_gmt":"2025-07-08T15:39:08","slug":"ballagas-2025","status":"publish","type":"post","link":"http:\/\/www.radnotiiskola.hu\/new\/2025\/06\/21\/ballagas-2025\/","title":{"rendered":"Ballag\u00e1s 2025."},"content":{"rendered":"\n<p style=\"text-align: center;\"><em><img loading=\"lazy\" decoding=\"async\" class=\"alignleft size-thumbnail wp-image-4399\" src=\"http:\/\/www.radnotiiskola.hu\/new\/wp-content\/uploads\/2025\/07\/images-2-150x150.jpg\" alt=\"\" width=\"150\" height=\"150\" srcset=\"http:\/\/www.radnotiiskola.hu\/new\/wp-content\/uploads\/2025\/07\/images-2-150x150.jpg 150w, http:\/\/www.radnotiiskola.hu\/new\/wp-content\/uploads\/2025\/07\/images-2-60x60.jpg 60w, http:\/\/www.radnotiiskola.hu\/new\/wp-content\/uploads\/2025\/07\/images-2.jpg 225w\" sizes=\"auto, (max-width: 150px) 100vw, 150px\" \/>&#8222;Emberpal\u00e1nt\u00e1k vagytok. M\u00e1r nem gyerekek, de m\u00e9g nem is feln\u0151ttek. Nektek c\u00e9lotok van. \u00c9s feladataitok. A c\u00e9lotok ugyanaz, mint minden m\u00e1s embernek a f\u00f6ld\u00f6n: hogy boldogok legyetek. \u00c9s ez legyen az els\u0151dleges! Hogy otthont tal\u00e1ljatok a vil\u00e1gban. &#8222;<\/em><\/p>\n<p>&nbsp;<\/p>\n<p>&nbsp;<\/p>\n<p><a href=\"https:\/\/drive.google.com\/drive\/folders\/1uEuqwmVbjZT7-pjUsFd4xMyzGd4i9ezQ?usp=sharing\">Ballag\u00e1si k\u00e9pek<\/a><\/p>\n<p><a href=\"https:\/\/drive.google.com\/drive\/folders\/1gUlmNtAubVlN6isuQoBObcIXNAsBJa9E?usp=sharing\">Ballag\u00e1si vide\u00f3<\/a><\/p>\n\n\n","protected":false},"excerpt":{"rendered":"<p>&#8222;Emberpal\u00e1nt\u00e1k vagytok. M\u00e1r nem gyerekek, de m\u00e9g nem is feln\u0151ttek. Nektek c\u00e9lotok van. \u00c9s feladataitok. A c\u00e9lotok ugyanaz, mint minden m\u00e1s embernek a f\u00f6ld\u00f6n: hogy boldogok legyetek. \u00c9s ez legyen az els\u0151dleges! Hogy otthont tal\u00e1ljatok a vil\u00e1gban. &#8222; &nbsp; &nbsp; Ballag\u00e1si k\u00e9pek Ballag\u00e1si vide\u00f3<\/p>\n","protected":false},"author":4,"featured_media":0,"comment_status":"closed","ping_status":"open","sticky":false,"template":"","format":"standard","meta":{"ngg_post_thumbnail":0,"footnotes":""},"categories":[59],"tags":[],"class_list":["post-4398","post","type-post","status-publish","format-standard","hentry","category-esemenyek-2025"],"_links":{"self":[{"href":"http:\/\/www.radnotiiskola.hu\/new\/wp-json\/wp\/v2\/posts\/4398","targetHints":{"allow":["GET"]}}],"collection":[{"href":"http:\/\/www.radnotiiskola.hu\/new\/wp-json\/wp\/v2\/posts"}],"about":[{"href":"http:\/\/www.radnotiiskola.hu\/new\/wp-json\/wp\/v2\/types\/post"}],"author":[{"embeddable":true,"href":"http:\/\/www.radnotiiskola.hu\/new\/wp-json\/wp\/v2\/users\/4"}],"replies":[{"embeddable":true,"href":"http:\/\/www.radnotiiskola.hu\/new\/wp-json\/wp\/v2\/comments?post=4398"}],"version-history":[{"count":0,"href":"http:\/\/www.radnotiiskola.hu\/new\/wp-json\/wp\/v2\/posts\/4398\/revisions"}],"wp:attachment":[{"href":"http:\/\/www.radnotiiskola.hu\/new\/wp-json\/wp\/v2\/media?parent=4398"}],"wp:term":[{"taxonomy":"category","embeddable":true,"href":"http:\/\/www.radnotiiskola.hu\/new\/wp-json\/wp\/v2\/categories?post=4398"},{"taxonomy":"post_tag","embeddable":true,"href":"http:\/\/www.radnotiiskola.hu\/new\/wp-json\/wp\/v2\/tags?post=4398"}],"curies":[{"name":"wp","href":"https:\/\/api.w.org\/{rel}","templated":true}]}}