{"id":4407,"date":"2024-11-22T16:13:22","date_gmt":"2024-11-22T16:13:22","guid":{"rendered":"https:\/\/www.radnotiiskola.hu\/new\/?p=4407"},"modified":"2025-07-08T16:17:59","modified_gmt":"2025-07-08T16:17:59","slug":"palyaorientacios-nap-2025","status":"publish","type":"post","link":"http:\/\/www.radnotiiskola.hu\/new\/2024\/11\/22\/palyaorientacios-nap-2025\/","title":{"rendered":"P\u00e1lyaorient\u00e1ci\u00f3s nap 2025"},"content":{"rendered":"\n<p style=\"text-align: center;\"><strong>P\u00e1lyaorient\u00e1ci\u00f3s Nap 2025.11.12.<\/strong><\/p>\n<p style=\"text-align: justify;\"><img loading=\"lazy\" decoding=\"async\" class=\"alignright size-thumbnail wp-image-4408\" src=\"http:\/\/www.radnotiiskola.hu\/new\/wp-content\/uploads\/2025\/07\/szakmak_valasztas4-150x150.jpg\" alt=\"\" width=\"150\" height=\"150\" srcset=\"http:\/\/www.radnotiiskola.hu\/new\/wp-content\/uploads\/2025\/07\/szakmak_valasztas4-150x150.jpg 150w, http:\/\/www.radnotiiskola.hu\/new\/wp-content\/uploads\/2025\/07\/szakmak_valasztas4-300x300.jpg 300w, http:\/\/www.radnotiiskola.hu\/new\/wp-content\/uploads\/2025\/07\/szakmak_valasztas4-1024x1024.jpg 1024w, http:\/\/www.radnotiiskola.hu\/new\/wp-content\/uploads\/2025\/07\/szakmak_valasztas4-768x768.jpg 768w, http:\/\/www.radnotiiskola.hu\/new\/wp-content\/uploads\/2025\/07\/szakmak_valasztas4-60x60.jpg 60w, http:\/\/www.radnotiiskola.hu\/new\/wp-content\/uploads\/2025\/07\/szakmak_valasztas4.jpg 1200w\" sizes=\"auto, (max-width: 150px) 100vw, 150px\" \/>A p\u00e1lyaorient\u00e1ci\u00f3 kiemelt c\u00e9lja, hogy a gyerekek id\u0151ben felk\u00e9sz\u00fclhessenek a p\u00e1lyav\u00e1laszt\u00e1sra, k\u00e9pess\u00e9geiknek \u00e9s \u00e9rdekl\u0151d\u00e9si k\u00f6reiknek megfelel\u0151en. Ehhez elengedhetetlen, hogy \u00f6nmaguk megismer\u00e9se \u00e9s fejleszt\u00e9se mellett min\u00e9l t\u00f6bb szakm\u00e1t, foglalkoz\u00e1st, munkahelyet ismerjenek meg, \u00e9s a szakm\u00e1k el\u0151nyeit \u00e9s h\u00e1tr\u00e1nyait is l\u00e1ss\u00e1k. Ez\u00e9rt ezen a tan\u00edt\u00e1s n\u00e9lk\u00fcli munkanapon adi\u00e1kok pedag\u00f3gusaikkal ell\u00e1togathattak egy c\u00e9ghez, egy munkahelyre, ahol megismerkedhettek az ott dolgoz\u00f3k munk\u00e1j\u00e1val, eszk\u00f6zeivel, k\u00f6r\u00fclm\u00e9nyeivel. Az iskol\u00e1ban a gyerekek szakm\u00e1kat bemutat\u00f3 filmeket is n\u00e9zhettek. Idei Edina kineziol\u00f3gusnak k\u00f6sz\u00f6nhet\u0151enaz \u00f6t\u00f6dikes \u00e9s nyolcadikos tanul\u00f3km\u00e9g \u00f6nismereti \u00e9s p\u00e1lyaorient\u00e1ci\u00f3s foglalkoz\u00e1sokon is r\u00e9szt vehettek a d\u00e9lel\u0151tt folyam\u00e1n. Az als\u00f3s kisdi\u00e1kokj\u00e1t\u00e9kos vet\u00e9lked\u0151k\u00f6n m\u00e9rt\u00e9k \u00f6ssze tud\u00e1sukat.<\/p>\n<p>K\u00f6sz\u00f6nj\u00fck a szakemberek munk\u00e1j\u00e1t \u00e9s a sz\u00edves vend\u00e9gl\u00e1t\u00e1st!<!--more--><\/p>\n<p>Megval\u00f3sult programjaink:<img loading=\"lazy\" decoding=\"async\" class=\"alignright size-medium wp-image-4409\" src=\"http:\/\/www.radnotiiskola.hu\/new\/wp-content\/uploads\/2025\/07\/6b9b4a8f-6413-49e4-b714-40c2b48b4b70-300x225.jpg\" alt=\"\" width=\"300\" height=\"225\" srcset=\"http:\/\/www.radnotiiskola.hu\/new\/wp-content\/uploads\/2025\/07\/6b9b4a8f-6413-49e4-b714-40c2b48b4b70-300x225.jpg 300w, http:\/\/www.radnotiiskola.hu\/new\/wp-content\/uploads\/2025\/07\/6b9b4a8f-6413-49e4-b714-40c2b48b4b70-1024x768.jpg 1024w, http:\/\/www.radnotiiskola.hu\/new\/wp-content\/uploads\/2025\/07\/6b9b4a8f-6413-49e4-b714-40c2b48b4b70-768x576.jpg 768w, http:\/\/www.radnotiiskola.hu\/new\/wp-content\/uploads\/2025\/07\/6b9b4a8f-6413-49e4-b714-40c2b48b4b70-1536x1152.jpg 1536w, http:\/\/www.radnotiiskola.hu\/new\/wp-content\/uploads\/2025\/07\/6b9b4a8f-6413-49e4-b714-40c2b48b4b70.jpg 2048w\" sizes=\"auto, (max-width: 300px) 100vw, 300px\" \/><\/p>\n<p>1.a, 4.a- Betekint\u00e9s a Vaskakas B\u00e1bsz\u00ednh\u00e1z kulissz\u00e1i m\u00f6g\u00e9<\/p>\n<p>2.a, 2.b &#8211; Richter J\u00e1nos Zenem\u0171v\u00e9szeti Szakgimn\u00e1zium megl\u00e1togat\u00e1sa, a zene vil\u00e1ga<\/p>\n<p>3.a, 7.a- L\u00e1togat\u00e1s a gy\u0151ri ment\u0151\u00e1llom\u00e1son<\/p>\n<p>5.a, 5.b- FabLab \u2013 Digit\u00e1lis, kreat\u00edv tanm\u0171hely eszk\u00f6zeivel f\u00e1b\u00f3l k\u00e9sz\u00fclt saj\u00e1t kulcstart\u00f3 k\u00e9sz\u00edt\u00e9se<\/p>\n<p>6.a\u2013Magyar K\u00f6z\u00fat Nonprofit Zrt. munk\u00e1j\u00e1nak \u00e9s feladatainak megismer\u00e9se<\/p>\n<p>8.a\u2013\u00d6nismereti \u00e9s p\u00e1lyaorient\u00e1ci\u00f3s foglalkoz\u00e1s, a felv\u00e9teli elj\u00e1r\u00e1s menete, szakm\u00e1kat bemutat\u00f3 filmek megtekint\u00e9se<\/p>\n<p>K\u00f6sz\u00f6nj\u00fck az oszt\u00e1lyf\u0151n\u00f6k\u00f6k szervez\u0151 munk\u00e1j\u00e1t, s minden pedag\u00f3gus, pedag\u00f3giai asszisztens seg\u00edts\u00e9g\u00e9t a nap sikeres lebonyol\u00edt\u00e1s\u00e1ban!<\/p>\n<p>&nbsp;<\/p>\n<p>Radv\u00e1nszki M\u00f3nika p\u00e1lyav\u00e1laszt\u00e1si felel\u0151s<\/p>\n<p>&nbsp;<\/p>\n\n\n","protected":false},"excerpt":{"rendered":"<p>P\u00e1lyaorient\u00e1ci\u00f3s Nap 2025.11.12. A p\u00e1lyaorient\u00e1ci\u00f3 kiemelt c\u00e9lja, hogy a gyerekek id\u0151ben felk\u00e9sz\u00fclhessenek a p\u00e1lyav\u00e1laszt\u00e1sra, k\u00e9pess\u00e9geiknek \u00e9s \u00e9rdekl\u0151d\u00e9si k\u00f6reiknek megfelel\u0151en. Ehhez elengedhetetlen, hogy \u00f6nmaguk megismer\u00e9se \u00e9s fejleszt\u00e9se mellett min\u00e9l t\u00f6bb szakm\u00e1t, foglalkoz\u00e1st, munkahelyet ismerjenek meg, \u00e9s a szakm\u00e1k el\u0151nyeit \u00e9s h\u00e1tr\u00e1nyait is l\u00e1ss\u00e1k. Ez\u00e9rt ezen a tan\u00edt\u00e1s n\u00e9lk\u00fcli munkanapon adi\u00e1kok pedag\u00f3gusaikkal ell\u00e1togathattak egy c\u00e9ghez, egy munkahelyre, [&hellip;]<\/p>\n","protected":false},"author":4,"featured_media":0,"comment_status":"closed","ping_status":"open","sticky":false,"template":"","format":"standard","meta":{"ngg_post_thumbnail":0,"footnotes":""},"categories":[59],"tags":[],"class_list":["post-4407","post","type-post","status-publish","format-standard","hentry","category-esemenyek-2025"],"_links":{"self":[{"href":"http:\/\/www.radnotiiskola.hu\/new\/wp-json\/wp\/v2\/posts\/4407","targetHints":{"allow":["GET"]}}],"collection":[{"href":"http:\/\/www.radnotiiskola.hu\/new\/wp-json\/wp\/v2\/posts"}],"about":[{"href":"http:\/\/www.radnotiiskola.hu\/new\/wp-json\/wp\/v2\/types\/post"}],"author":[{"embeddable":true,"href":"http:\/\/www.radnotiiskola.hu\/new\/wp-json\/wp\/v2\/users\/4"}],"replies":[{"embeddable":true,"href":"http:\/\/www.radnotiiskola.hu\/new\/wp-json\/wp\/v2\/comments?post=4407"}],"version-history":[{"count":0,"href":"http:\/\/www.radnotiiskola.hu\/new\/wp-json\/wp\/v2\/posts\/4407\/revisions"}],"wp:attachment":[{"href":"http:\/\/www.radnotiiskola.hu\/new\/wp-json\/wp\/v2\/media?parent=4407"}],"wp:term":[{"taxonomy":"category","embeddable":true,"href":"http:\/\/www.radnotiiskola.hu\/new\/wp-json\/wp\/v2\/categories?post=4407"},{"taxonomy":"post_tag","embeddable":true,"href":"http:\/\/www.radnotiiskola.hu\/new\/wp-json\/wp\/v2\/tags?post=4407"}],"curies":[{"name":"wp","href":"https:\/\/api.w.org\/{rel}","templated":true}]}}