{"id":4429,"date":"2025-07-10T08:43:39","date_gmt":"2025-07-10T08:43:39","guid":{"rendered":"https:\/\/www.radnotiiskola.hu\/new\/?p=4429"},"modified":"2025-07-23T09:06:11","modified_gmt":"2025-07-23T09:06:11","slug":"gyorujbarati-tabor-2","status":"publish","type":"post","link":"http:\/\/www.radnotiiskola.hu\/new\/2025\/07\/10\/gyorujbarati-tabor-2\/","title":{"rendered":"Gy\u0151r\u00fajbar\u00e1ti t\u00e1bor"},"content":{"rendered":"\n<p><strong><img loading=\"lazy\" decoding=\"async\" class=\"aligncenter size-full wp-image-4430\" src=\"http:\/\/www.radnotiiskola.hu\/new\/wp-content\/uploads\/2025\/07\/image6.jpeg\" alt=\"\" width=\"640\" height=\"480\" srcset=\"http:\/\/www.radnotiiskola.hu\/new\/wp-content\/uploads\/2025\/07\/image6.jpeg 640w, http:\/\/www.radnotiiskola.hu\/new\/wp-content\/uploads\/2025\/07\/image6-300x225.jpeg 300w\" sizes=\"auto, (max-width: 640px) 100vw, 640px\" \/>2025. 06. 30 &#8211; 07. 04.&nbsp;<\/strong><!--more--><\/p>\n<p>J\u00f3l siker\u00fclt egy hetes t\u00e1boron vagyunk t\u00fal az iskol\u00e1val, 37 gyerek, \u00f6t pedag\u00f3gus.<br>Szuper programok, tartalmas napok, a gyerekek j\u00f3l \u00e9rezt\u00e9k magukat.&nbsp;<\/p>\n<p>A tov\u00e1bbi k\u00e9pek <a href=\"https:\/\/drive.google.com\/drive\/folders\/1urbDl6o3p2FhPKzLC0D1eLaOvCQQBTnK?usp=sharing\">IDE<\/a> kattintva tekinthet\u0151ek meg.&nbsp;<br>Szervez\u0151 tan\u00e1r: Harcs\u00e1n\u00e9 Auerbach Petra<\/p>\n","protected":false},"excerpt":{"rendered":"<p>2025. 06. 30 &#8211; 07. 04.&nbsp;<\/p>\n","protected":false},"author":4,"featured_media":0,"comment_status":"closed","ping_status":"open","sticky":false,"template":"","format":"standard","meta":{"ngg_post_thumbnail":0,"footnotes":""},"categories":[59],"tags":[],"class_list":["post-4429","post","type-post","status-publish","format-standard","hentry","category-esemenyek-2025"],"_links":{"self":[{"href":"http:\/\/www.radnotiiskola.hu\/new\/wp-json\/wp\/v2\/posts\/4429","targetHints":{"allow":["GET"]}}],"collection":[{"href":"http:\/\/www.radnotiiskola.hu\/new\/wp-json\/wp\/v2\/posts"}],"about":[{"href":"http:\/\/www.radnotiiskola.hu\/new\/wp-json\/wp\/v2\/types\/post"}],"author":[{"embeddable":true,"href":"http:\/\/www.radnotiiskola.hu\/new\/wp-json\/wp\/v2\/users\/4"}],"replies":[{"embeddable":true,"href":"http:\/\/www.radnotiiskola.hu\/new\/wp-json\/wp\/v2\/comments?post=4429"}],"version-history":[{"count":0,"href":"http:\/\/www.radnotiiskola.hu\/new\/wp-json\/wp\/v2\/posts\/4429\/revisions"}],"wp:attachment":[{"href":"http:\/\/www.radnotiiskola.hu\/new\/wp-json\/wp\/v2\/media?parent=4429"}],"wp:term":[{"taxonomy":"category","embeddable":true,"href":"http:\/\/www.radnotiiskola.hu\/new\/wp-json\/wp\/v2\/categories?post=4429"},{"taxonomy":"post_tag","embeddable":true,"href":"http:\/\/www.radnotiiskola.hu\/new\/wp-json\/wp\/v2\/tags?post=4429"}],"curies":[{"name":"wp","href":"https:\/\/api.w.org\/{rel}","templated":true}]}}