{"id":4432,"date":"2025-07-19T08:49:46","date_gmt":"2025-07-19T08:49:46","guid":{"rendered":"https:\/\/www.radnotiiskola.hu\/new\/?p=4432"},"modified":"2025-07-23T09:04:29","modified_gmt":"2025-07-23T09:04:29","slug":"nyelvi-tabor-3","status":"publish","type":"post","link":"http:\/\/www.radnotiiskola.hu\/new\/2025\/07\/19\/nyelvi-tabor-3\/","title":{"rendered":"Nyelvi t\u00e1bor"},"content":{"rendered":"\n<p style=\"text-align: justify;\"><img decoding=\"async\" class=\"aligncenter size-full wp-image-4433\" src=\"http:\/\/www.radnotiiskola.hu\/new\/wp-content\/uploads\/2025\/07\/IMG_6003.heic\" alt=\"\">Id\u00e9n is megrendez\u00e9sre ker\u00fclt n\u00e9pszer\u0171 nyelvi t\u00e1borunk Flattachban. 4 iskola di\u00e1kjai vettek r\u00e9szt, ebb\u0151l 8 radn\u00f3tis. A k\u00e9tszer 60 perces nyelv\u00f3r\u00e1k ut\u00e1n minden nap 3 \u2013 4 programot szervezt\u00fcnk a tanul\u00f3knak.<\/p>\n<p style=\"text-align: justify;\"><img loading=\"lazy\" decoding=\"async\" class=\"size-medium wp-image-4434 alignright\" src=\"http:\/\/www.radnotiiskola.hu\/new\/wp-content\/uploads\/2025\/07\/IMG_0252-300x225.jpg\" alt=\"\" width=\"300\" height=\"225\" srcset=\"http:\/\/www.radnotiiskola.hu\/new\/wp-content\/uploads\/2025\/07\/IMG_0252-300x225.jpg 300w, http:\/\/www.radnotiiskola.hu\/new\/wp-content\/uploads\/2025\/07\/IMG_0252-1024x768.jpg 1024w, http:\/\/www.radnotiiskola.hu\/new\/wp-content\/uploads\/2025\/07\/IMG_0252-768x576.jpg 768w, http:\/\/www.radnotiiskola.hu\/new\/wp-content\/uploads\/2025\/07\/IMG_0252-1536x1152.jpg 1536w, http:\/\/www.radnotiiskola.hu\/new\/wp-content\/uploads\/2025\/07\/IMG_0252-2048x1536.jpg 2048w\" sizes=\"auto, (max-width: 300px) 100vw, 300px\" \/>H\u00e9tf\u0151n a meg\u00e9rkez\u00e9st k\u00f6vet\u0151en a Groppenstein v\u00edzes\u00e9s mellett t\u00far\u00e1ztunk. Az es\u0151 ellen\u00e9re a gyerekek nagyon \u00e9lvezt\u00e9k a csod\u00e1latos k\u00f6rnyezetben tett s\u00e9t\u00e1t.<\/p>\n<p style=\"text-align: justify;\">Kedden a n\u00e9met \u00e9s angol \u00f3r\u00e1k ut\u00e1n felvon\u00f3val ment\u00fcnk a M\u00f6lltal gleccserhez, ahol frissen esett havat is tal\u00e1ltunk. Ezut\u00e1n a Ragga szurdok megm\u00e1sz\u00e1sa k\u00f6vetkezett. Innen Ankogelbe ment\u00fcnk a tengerszemhez.<!--more--><\/p>\n<p style=\"text-align: justify;\">Szerd\u00e1n boboz\u00e1s volt az els\u0151 program Bad Kleinkircheimben. Ezut\u00e1n Turrachra ment\u00fcnk, ahol a gyerekek s\u00e9t\u00e1t tehettek a fest\u0151i k\u00f6rnyezetben \u00e9s boboz\u00e1sra is volt lehet\u0151s\u00e9g. A nap utols\u00f3 programjak\u00e9nt egy nemzeti parkot tekinthett\u00fcnk meg, ahol kis\u00e1llatokat lehetett simogatni. Este a h\u00e9t folyam\u00e1n kit\u00f6lt\u00f6tt tesztlapok \u00e9rt\u00e9kel\u00e9se t\u00f6rt\u00e9nt \u00e9s a gyerekek interj\u00fat k\u00e9sz\u00edthettek n\u00e9met \u00e9s angol nyelven helyi di\u00e1kokkal.<\/p>\n<p style=\"text-align: justify;\"><img loading=\"lazy\" decoding=\"async\" class=\"size-medium wp-image-4435 alignleft\" src=\"http:\/\/www.radnotiiskola.hu\/new\/wp-content\/uploads\/2025\/07\/IMG_6003-1-225x300.jpg\" alt=\"\" width=\"225\" height=\"300\" srcset=\"http:\/\/www.radnotiiskola.hu\/new\/wp-content\/uploads\/2025\/07\/IMG_6003-1-225x300.jpg 225w, http:\/\/www.radnotiiskola.hu\/new\/wp-content\/uploads\/2025\/07\/IMG_6003-1-768x1024.jpg 768w, http:\/\/www.radnotiiskola.hu\/new\/wp-content\/uploads\/2025\/07\/IMG_6003-1-1152x1536.jpg 1152w, http:\/\/www.radnotiiskola.hu\/new\/wp-content\/uploads\/2025\/07\/IMG_6003-1-1536x2048.jpg 1536w, http:\/\/www.radnotiiskola.hu\/new\/wp-content\/uploads\/2025\/07\/IMG_6003-1-scaled.jpg 1920w\" sizes=\"auto, (max-width: 225px) 100vw, 225px\" \/>Cs\u00fct\u00f6rt\u00f6k\u00f6n a Terra mistica b\u00e1nya megl\u00e1togat\u00e1sa ut\u00e1n a mak\u00e1k\u00f3 majmok szabad birodalm\u00e1ba ment\u00fcnk, ahol a kis \u00e1llatok mindennapjaiba tekinthett\u00fcnk be. Hazafel\u00e9 az Ossiacher tavon haj\u00f3k\u00e1ztunk egy \u00f3r\u00e1t. Este a szomsz\u00e9dos v\u00e1rosk\u00e1ban, Obervellachban j\u00f3 hangulat\u00fa n\u00e9pzenei fesztiv\u00e1lon vett\u00fcnk r\u00e9szt.<\/p>\n<p style=\"text-align: justify;\">P\u00e9nteken d\u00e9lel\u0151tt a Pyramidenkogelr\u0151l tekinthett\u00fck meg a csodasz\u00e9p k\u00f6rny\u00e9ket \u00e9s W\u00f6rth-i tavat. A v\u00e1llalkoz\u00f3 szellem\u0171ek az 52 m\u00e9ter magas toronyb\u00f3l egy z\u00e1rt t\u00f6bb mint 100 m\u00e9ter hossz\u00fa cs\u00fazd\u00e1n j\u00f6ttek le. Ezut\u00e1n a gyerekek Klagenfurtban szabadid\u0151t kaptak, hogy megismerj\u00e9k a v\u00e1rost \u00e9s megeb\u00e9deljenek.<\/p>\n<p style=\"text-align: justify;\">Este 19:00 \u00f3rakor f\u00e1radtan, de \u00e9lm\u00e9nyekkel telve \u00e9rkezt\u00fcnk haza. Mint minden \u00e9vben, id\u00e9n is fantasztikusan siker\u00fclt a kir\u00e1ndul\u00e1s \u00e9s rem\u00e9lj\u00fck, hogy j\u00f6v\u0151 ny\u00e1ron m\u00e9g t\u00f6bb tanul\u00f3nk gyarapodhat tud\u00e1sban, szerez \u00faj bar\u00e1tokat \u00e9s csod\u00e1lkozhat r\u00e1 a term\u00e9szet sz\u00e9ps\u00e9geire.<\/p>\n<p>Tov\u00e1bbi k\u00e9pek <a href=\"https:\/\/drive.google.com\/drive\/folders\/1lmFn1Bc-sjhpiScvvqg49o3YAFrIQstU?usp=sharing\">IDE<\/a> kattintva tekinthet\u0151ek meg.&nbsp;<\/p>\n<p style=\"text-align: justify;\">Kiss L\u00e1szl\u00f3n\u00e9 (szervez\u0151) \u00e9s Kov\u00e1csn\u00e9 Szab\u00f3 Judit (k\u00eds\u00e9r\u0151)<\/p>\n","protected":false},"excerpt":{"rendered":"<p>Id\u00e9n is megrendez\u00e9sre ker\u00fclt n\u00e9pszer\u0171 nyelvi t\u00e1borunk Flattachban. 4 iskola di\u00e1kjai vettek r\u00e9szt, ebb\u0151l 8 radn\u00f3tis. A k\u00e9tszer 60 perces nyelv\u00f3r\u00e1k ut\u00e1n minden nap 3 \u2013 4 programot szervezt\u00fcnk a tanul\u00f3knak. H\u00e9tf\u0151n a meg\u00e9rkez\u00e9st k\u00f6vet\u0151en a Groppenstein v\u00edzes\u00e9s mellett t\u00far\u00e1ztunk. Az es\u0151 ellen\u00e9re a gyerekek nagyon \u00e9lvezt\u00e9k a csod\u00e1latos k\u00f6rnyezetben tett s\u00e9t\u00e1t. Kedden a n\u00e9met [&hellip;]<\/p>\n","protected":false},"author":4,"featured_media":0,"comment_status":"closed","ping_status":"open","sticky":false,"template":"","format":"standard","meta":{"ngg_post_thumbnail":0,"footnotes":""},"categories":[28],"tags":[],"class_list":["post-4432","post","type-post","status-publish","format-standard","hentry","category-esemenyek-2019"],"_links":{"self":[{"href":"http:\/\/www.radnotiiskola.hu\/new\/wp-json\/wp\/v2\/posts\/4432","targetHints":{"allow":["GET"]}}],"collection":[{"href":"http:\/\/www.radnotiiskola.hu\/new\/wp-json\/wp\/v2\/posts"}],"about":[{"href":"http:\/\/www.radnotiiskola.hu\/new\/wp-json\/wp\/v2\/types\/post"}],"author":[{"embeddable":true,"href":"http:\/\/www.radnotiiskola.hu\/new\/wp-json\/wp\/v2\/users\/4"}],"replies":[{"embeddable":true,"href":"http:\/\/www.radnotiiskola.hu\/new\/wp-json\/wp\/v2\/comments?post=4432"}],"version-history":[{"count":0,"href":"http:\/\/www.radnotiiskola.hu\/new\/wp-json\/wp\/v2\/posts\/4432\/revisions"}],"wp:attachment":[{"href":"http:\/\/www.radnotiiskola.hu\/new\/wp-json\/wp\/v2\/media?parent=4432"}],"wp:term":[{"taxonomy":"category","embeddable":true,"href":"http:\/\/www.radnotiiskola.hu\/new\/wp-json\/wp\/v2\/categories?post=4432"},{"taxonomy":"post_tag","embeddable":true,"href":"http:\/\/www.radnotiiskola.hu\/new\/wp-json\/wp\/v2\/tags?post=4432"}],"curies":[{"name":"wp","href":"https:\/\/api.w.org\/{rel}","templated":true}]}}