{"id":4447,"date":"2025-09-01T10:47:18","date_gmt":"2025-09-01T10:47:18","guid":{"rendered":"https:\/\/www.radnotiiskola.hu\/new\/?p=4447"},"modified":"2025-09-04T10:54:39","modified_gmt":"2025-09-04T10:54:39","slug":"tanevnyito-2025","status":"publish","type":"post","link":"http:\/\/www.radnotiiskola.hu\/new\/2025\/09\/01\/tanevnyito-2025\/","title":{"rendered":"Tan\u00e9vnyit\u00f3 2025"},"content":{"rendered":"\n\n\n<div class=\"xdj266r x14z9mp xat24cr x1lziwak x1vvkbs x126k92a\">\n<div dir=\"auto\" style=\"text-align: justify;\"><strong><img loading=\"lazy\" decoding=\"async\" class=\"alignright size-medium wp-image-4450\" src=\"http:\/\/www.radnotiiskola.hu\/new\/wp-content\/uploads\/2025\/09\/aaca469a-5c21-415e-8a88-3a6fed8e9505-300x291.jpg\" alt=\"\" width=\"300\" height=\"291\" srcset=\"http:\/\/www.radnotiiskola.hu\/new\/wp-content\/uploads\/2025\/09\/aaca469a-5c21-415e-8a88-3a6fed8e9505-300x291.jpg 300w, http:\/\/www.radnotiiskola.hu\/new\/wp-content\/uploads\/2025\/09\/aaca469a-5c21-415e-8a88-3a6fed8e9505.jpg 509w\" sizes=\"auto, (max-width: 300px) 100vw, 300px\" \/>\u00dcnnep\u00e9lyesen megnyitottuk a 2025\/26-os tan\u00e9vet!<\/strong><\/div>\n<div dir=\"auto\">&nbsp;<\/div>\n<\/div>\n<div class=\"x14z9mp xat24cr x1lziwak x1vvkbs xtlvy1s x126k92a\" style=\"text-align: justify;\">\n<div dir=\"auto\">Ma k\u00f6sz\u00f6nt\u00f6tt\u00fck iskol\u00e1nk legkisebbjeit, az els\u0151s\u00f6ket, akiket hivatalosan is Radn\u00f3tis di\u00e1kk\u00e1 avattunk.<br><br><\/div>\n<div dir=\"auto\">Egyben meghat\u00f3 pillanatnak is tan\u00fai lehett\u00fcnk: elb\u00facs\u00faztattuk Sulyokn\u00e9 Kelemen Judit igazgat\u00f3n\u0151nket, aki hossz\u00fa \u00e9s eredm\u00e9nyekben gazdag igazgat\u00f3i p\u00e1lyafut\u00e1s\u00e1t z\u00e1rta le.<br><br><\/div>\n<\/div>\n<div class=\"x14z9mp xat24cr x1lziwak x1vvkbs xtlvy1s x126k92a\">\n<div dir=\"auto\" style=\"text-align: justify;\">K\u00f6sz\u00f6nj\u00fck a k\u00f6z\u00f6ss\u00e9g minden tagj\u00e1nak, hogy egy\u00fctt ind\u00edthattuk el ezt a tan\u00e9vet. Sok sikert, kitart\u00e1st \u00e9s \u00f6r\u00f6mteli pillanatot k\u00edv\u00e1nunk minden di\u00e1knak \u00e9s pedag\u00f3gusnak az el\u0151tt\u00fcnk \u00e1ll\u00f3 id\u0151szakra!<\/div>\n<\/div>\n<div dir=\"auto\">&nbsp;<\/div>\n<div dir=\"auto\">Tov\u00e1bbi k\u00e9pek <a href=\"https:\/\/drive.google.com\/drive\/folders\/1E3vgrdlXC6MqR-fV_efWe5Tt7smGo38k?usp=sharing\">ITT<\/a> tekinthet\u0151ek meg!&nbsp;<\/div>\n\n\n","protected":false},"excerpt":{"rendered":"<p>\u00dcnnep\u00e9lyesen megnyitottuk a 2025\/26-os tan\u00e9vet! &nbsp; Ma k\u00f6sz\u00f6nt\u00f6tt\u00fck iskol\u00e1nk legkisebbjeit, az els\u0151s\u00f6ket, akiket hivatalosan is Radn\u00f3tis di\u00e1kk\u00e1 avattunk. Egyben meghat\u00f3 pillanatnak is tan\u00fai lehett\u00fcnk: elb\u00facs\u00faztattuk Sulyokn\u00e9 Kelemen Judit igazgat\u00f3n\u0151nket, aki hossz\u00fa \u00e9s eredm\u00e9nyekben gazdag igazgat\u00f3i p\u00e1lyafut\u00e1s\u00e1t z\u00e1rta le. K\u00f6sz\u00f6nj\u00fck a k\u00f6z\u00f6ss\u00e9g minden tagj\u00e1nak, hogy egy\u00fctt ind\u00edthattuk el ezt a tan\u00e9vet. Sok sikert, kitart\u00e1st \u00e9s \u00f6r\u00f6mteli [&hellip;]<\/p>\n","protected":false},"author":4,"featured_media":0,"comment_status":"closed","ping_status":"open","sticky":false,"template":"","format":"standard","meta":{"ngg_post_thumbnail":0,"footnotes":""},"categories":[59],"tags":[],"class_list":["post-4447","post","type-post","status-publish","format-standard","hentry","category-esemenyek-2025"],"_links":{"self":[{"href":"http:\/\/www.radnotiiskola.hu\/new\/wp-json\/wp\/v2\/posts\/4447","targetHints":{"allow":["GET"]}}],"collection":[{"href":"http:\/\/www.radnotiiskola.hu\/new\/wp-json\/wp\/v2\/posts"}],"about":[{"href":"http:\/\/www.radnotiiskola.hu\/new\/wp-json\/wp\/v2\/types\/post"}],"author":[{"embeddable":true,"href":"http:\/\/www.radnotiiskola.hu\/new\/wp-json\/wp\/v2\/users\/4"}],"replies":[{"embeddable":true,"href":"http:\/\/www.radnotiiskola.hu\/new\/wp-json\/wp\/v2\/comments?post=4447"}],"version-history":[{"count":0,"href":"http:\/\/www.radnotiiskola.hu\/new\/wp-json\/wp\/v2\/posts\/4447\/revisions"}],"wp:attachment":[{"href":"http:\/\/www.radnotiiskola.hu\/new\/wp-json\/wp\/v2\/media?parent=4447"}],"wp:term":[{"taxonomy":"category","embeddable":true,"href":"http:\/\/www.radnotiiskola.hu\/new\/wp-json\/wp\/v2\/categories?post=4447"},{"taxonomy":"post_tag","embeddable":true,"href":"http:\/\/www.radnotiiskola.hu\/new\/wp-json\/wp\/v2\/tags?post=4447"}],"curies":[{"name":"wp","href":"https:\/\/api.w.org\/{rel}","templated":true}]}}