{"id":4468,"date":"2025-09-25T08:05:59","date_gmt":"2025-09-25T08:05:59","guid":{"rendered":"https:\/\/www.radnotiiskola.hu\/new\/?p=4468"},"modified":"2025-09-25T08:06:00","modified_gmt":"2025-09-25T08:06:00","slug":"szunidei-etkezessel-kapcsolatos-tudnivalok","status":"publish","type":"post","link":"http:\/\/www.radnotiiskola.hu\/new\/2025\/09\/25\/szunidei-etkezessel-kapcsolatos-tudnivalok\/","title":{"rendered":"Sz\u00fcnidei \u00e9tkez\u00e9ssel kapcsolatos tudnival\u00f3k"},"content":{"rendered":"\n<p><strong>Tisztelt Sz\u00fcl\u0151k! <img loading=\"lazy\" decoding=\"async\" class=\"size-thumbnail wp-image-4469 alignleft\" src=\"http:\/\/www.radnotiiskola.hu\/new\/wp-content\/uploads\/2025\/09\/etk-150x150.jpg\" alt=\"\" width=\"150\" height=\"150\" srcset=\"http:\/\/www.radnotiiskola.hu\/new\/wp-content\/uploads\/2025\/09\/etk-150x150.jpg 150w, http:\/\/www.radnotiiskola.hu\/new\/wp-content\/uploads\/2025\/09\/etk-60x60.jpg 60w\" sizes=\"auto, (max-width: 150px) 100vw, 150px\" \/><\/strong><\/p>\n<p>Az al\u00e1bbiakban az \u0151szi sz\u00fcnidei \u00e9tkez\u00e9ssel kapcsolatos tudnival\u00f3kr\u00f3l olvashatnak!&nbsp;<\/p>\n<p>T\u00e1j\u00e9koztat\u00f3 az \u00e9tkez\u00e9ssel kapcsolatosan: <a href=\"https:\/\/drive.google.com\/file\/d\/19_ZvTdm45I4sl4Jxqj5roHiJt-Fj8-NZ\/view?usp=sharing\">ITT<\/a><\/p>\n<p>&nbsp;<\/p>\n<p><strong>Nyilatkozatok:&nbsp;<\/strong><\/p>\n<p>Eb\u00e9d elvitelet \u00e9thord\u00f3ban: <a href=\"https:\/\/drive.google.com\/file\/d\/1hrN-N2GeqTvTwVIwP-CkGf_IkVGdusLT\/view?usp=sharing\">ITT<\/a><\/p>\n<p>Gyermekfel\u00fcgyelet: <a href=\"https:\/\/drive.google.com\/file\/d\/1gueoJ1ZzmLp84Kr1agE48_cG4jpnv10k\/view?usp=sharing\">ITT<\/a><\/p>\n","protected":false},"excerpt":{"rendered":"<p>Tisztelt Sz\u00fcl\u0151k! Az al\u00e1bbiakban az \u0151szi sz\u00fcnidei \u00e9tkez\u00e9ssel kapcsolatos tudnival\u00f3kr\u00f3l olvashatnak!&nbsp; T\u00e1j\u00e9koztat\u00f3 az \u00e9tkez\u00e9ssel kapcsolatosan: ITT &nbsp; Nyilatkozatok:&nbsp; Eb\u00e9d elvitelet \u00e9thord\u00f3ban: ITT Gyermekfel\u00fcgyelet: ITT<\/p>\n","protected":false},"author":4,"featured_media":0,"comment_status":"closed","ping_status":"open","sticky":false,"template":"","format":"standard","meta":{"ngg_post_thumbnail":0,"footnotes":""},"categories":[62],"tags":[],"class_list":["post-4468","post","type-post","status-publish","format-standard","hentry","category-felhivasok-2025"],"_links":{"self":[{"href":"http:\/\/www.radnotiiskola.hu\/new\/wp-json\/wp\/v2\/posts\/4468","targetHints":{"allow":["GET"]}}],"collection":[{"href":"http:\/\/www.radnotiiskola.hu\/new\/wp-json\/wp\/v2\/posts"}],"about":[{"href":"http:\/\/www.radnotiiskola.hu\/new\/wp-json\/wp\/v2\/types\/post"}],"author":[{"embeddable":true,"href":"http:\/\/www.radnotiiskola.hu\/new\/wp-json\/wp\/v2\/users\/4"}],"replies":[{"embeddable":true,"href":"http:\/\/www.radnotiiskola.hu\/new\/wp-json\/wp\/v2\/comments?post=4468"}],"version-history":[{"count":0,"href":"http:\/\/www.radnotiiskola.hu\/new\/wp-json\/wp\/v2\/posts\/4468\/revisions"}],"wp:attachment":[{"href":"http:\/\/www.radnotiiskola.hu\/new\/wp-json\/wp\/v2\/media?parent=4468"}],"wp:term":[{"taxonomy":"category","embeddable":true,"href":"http:\/\/www.radnotiiskola.hu\/new\/wp-json\/wp\/v2\/categories?post=4468"},{"taxonomy":"post_tag","embeddable":true,"href":"http:\/\/www.radnotiiskola.hu\/new\/wp-json\/wp\/v2\/tags?post=4468"}],"curies":[{"name":"wp","href":"https:\/\/api.w.org\/{rel}","templated":true}]}}