{"id":4474,"date":"2025-09-26T09:54:45","date_gmt":"2025-09-26T09:54:45","guid":{"rendered":"https:\/\/www.radnotiiskola.hu\/new\/?p=4474"},"modified":"2025-09-26T09:54:46","modified_gmt":"2025-09-26T09:54:46","slug":"belvarosi-sulivaro-elso-foglalkozas-3","status":"publish","type":"post","link":"http:\/\/www.radnotiiskola.hu\/new\/2025\/09\/26\/belvarosi-sulivaro-elso-foglalkozas-3\/","title":{"rendered":"Belv\u00e1rosi Suliv\u00e1r\u00f3 &#8211; Els\u0151 foglalkoz\u00e1s"},"content":{"rendered":"\n<p style=\"text-align: justify;\"><strong>2025. okt\u00f3ber 01.&nbsp;<\/strong><br><img loading=\"lazy\" decoding=\"async\" class=\"alignright size-thumbnail wp-image-4077\" src=\"http:\/\/www.radnotiiskola.hu\/new\/wp-content\/uploads\/2024\/09\/Kalocsai-Sziv-Anyanak-194325-150x150.jpg\" alt=\"\" width=\"150\" height=\"150\" srcset=\"http:\/\/www.radnotiiskola.hu\/new\/wp-content\/uploads\/2024\/09\/Kalocsai-Sziv-Anyanak-194325-150x150.jpg 150w, http:\/\/www.radnotiiskola.hu\/new\/wp-content\/uploads\/2024\/09\/Kalocsai-Sziv-Anyanak-194325-300x300.jpg 300w, http:\/\/www.radnotiiskola.hu\/new\/wp-content\/uploads\/2024\/09\/Kalocsai-Sziv-Anyanak-194325-60x60.jpg 60w, http:\/\/www.radnotiiskola.hu\/new\/wp-content\/uploads\/2024\/09\/Kalocsai-Sziv-Anyanak-194325.jpg 330w\" sizes=\"auto, (max-width: 150px) 100vw, 150px\" \/>A j\u00e1t\u00e9kos, mozg\u00e1sos, bar\u00e1ts\u00e1gos l\u00e9gk\u00f6r\u0171 foglalkoz\u00e1sainkon fejlesztj\u00fck, er\u0151s\u00edtj\u00fck az iskol\u00e1ba k\u00e9sz\u00fcl\u0151 gyerekek azon k\u00e9pess\u00e9geit, melyek az els\u0151 oszt\u00e1ly sikeres, z\u00f6kken\u0151mentes kezd\u00e9s\u00e9hez sz\u00fcks\u00e9gesek.<br><strong>A foglalkoz\u00e1s szerd\u00e1nk\u00e9nt 15:30-t\u00f3l 16:15-ig tart, 2025. okt\u00f3ber 01-t\u0151l 2026. \u00e1prilis 22-ig.<\/strong><br>Az iskolael\u0151k\u00e9sz\u00edt\u0151 foglalkoz\u00e1sok ingyenesek. Iskol\u00e1nk kapuja minden leend\u0151 els\u0151s el\u0151tt nyitva \u00e1ll.<!--more--><\/p>\n<p style=\"text-align: justify;\"><strong>A foglalkoz\u00e1s t\u00e9<\/strong><strong>m\u00e1ja:<br><\/strong>N\u00e9pi mond\u00f3k\u00e1k, n\u00e9pdalok- \u00e9s n\u00e9pi j\u00e1t\u00e9kok vid\u00e1m egyvelege.<br>Enik\u0151 n\u00e9ni v\u00e1rja sok szeretettel az \u00f3vod\u00e1s kisgyermekeket!&nbsp;<\/p>\n","protected":false},"excerpt":{"rendered":"<p>2025. okt\u00f3ber 01.&nbsp;A j\u00e1t\u00e9kos, mozg\u00e1sos, bar\u00e1ts\u00e1gos l\u00e9gk\u00f6r\u0171 foglalkoz\u00e1sainkon fejlesztj\u00fck, er\u0151s\u00edtj\u00fck az iskol\u00e1ba k\u00e9sz\u00fcl\u0151 gyerekek azon k\u00e9pess\u00e9geit, melyek az els\u0151 oszt\u00e1ly sikeres, z\u00f6kken\u0151mentes kezd\u00e9s\u00e9hez sz\u00fcks\u00e9gesek.A foglalkoz\u00e1s szerd\u00e1nk\u00e9nt 15:30-t\u00f3l 16:15-ig tart, 2025. okt\u00f3ber 01-t\u0151l 2026. \u00e1prilis 22-ig.Az iskolael\u0151k\u00e9sz\u00edt\u0151 foglalkoz\u00e1sok ingyenesek. Iskol\u00e1nk kapuja minden leend\u0151 els\u0151s el\u0151tt nyitva \u00e1ll.<\/p>\n","protected":false},"author":4,"featured_media":0,"comment_status":"closed","ping_status":"open","sticky":false,"template":"","format":"standard","meta":{"ngg_post_thumbnail":0,"footnotes":""},"categories":[63],"tags":[],"class_list":["post-4474","post","type-post","status-publish","format-standard","hentry","category-sulivaro-2025"],"_links":{"self":[{"href":"http:\/\/www.radnotiiskola.hu\/new\/wp-json\/wp\/v2\/posts\/4474","targetHints":{"allow":["GET"]}}],"collection":[{"href":"http:\/\/www.radnotiiskola.hu\/new\/wp-json\/wp\/v2\/posts"}],"about":[{"href":"http:\/\/www.radnotiiskola.hu\/new\/wp-json\/wp\/v2\/types\/post"}],"author":[{"embeddable":true,"href":"http:\/\/www.radnotiiskola.hu\/new\/wp-json\/wp\/v2\/users\/4"}],"replies":[{"embeddable":true,"href":"http:\/\/www.radnotiiskola.hu\/new\/wp-json\/wp\/v2\/comments?post=4474"}],"version-history":[{"count":0,"href":"http:\/\/www.radnotiiskola.hu\/new\/wp-json\/wp\/v2\/posts\/4474\/revisions"}],"wp:attachment":[{"href":"http:\/\/www.radnotiiskola.hu\/new\/wp-json\/wp\/v2\/media?parent=4474"}],"wp:term":[{"taxonomy":"category","embeddable":true,"href":"http:\/\/www.radnotiiskola.hu\/new\/wp-json\/wp\/v2\/categories?post=4474"},{"taxonomy":"post_tag","embeddable":true,"href":"http:\/\/www.radnotiiskola.hu\/new\/wp-json\/wp\/v2\/tags?post=4474"}],"curies":[{"name":"wp","href":"https:\/\/api.w.org\/{rel}","templated":true}]}}