{"id":4499,"date":"2025-10-13T18:00:51","date_gmt":"2025-10-13T18:00:51","guid":{"rendered":"https:\/\/www.radnotiiskola.hu\/new\/?p=4499"},"modified":"2025-10-14T18:04:24","modified_gmt":"2025-10-14T18:04:24","slug":"belvarosi-sulivaro-69","status":"publish","type":"post","link":"http:\/\/www.radnotiiskola.hu\/new\/2025\/10\/13\/belvarosi-sulivaro-69\/","title":{"rendered":"Belv\u00e1rosi Suliv\u00e1r\u00f3"},"content":{"rendered":"\n<p style=\"text-align: justify;\"><strong>2025. okt\u00f3ber 15.<\/strong><\/p>\n<p style=\"text-align: justify;\"><img loading=\"lazy\" decoding=\"async\" class=\"alignright size-thumbnail wp-image-3268\" src=\"http:\/\/www.radnotiiskola.hu\/new\/wp-content\/uploads\/2022\/10\/nemet-150x150.png\" alt=\"\" width=\"150\" height=\"150\" srcset=\"http:\/\/www.radnotiiskola.hu\/new\/wp-content\/uploads\/2022\/10\/nemet-150x150.png 150w, http:\/\/www.radnotiiskola.hu\/new\/wp-content\/uploads\/2022\/10\/nemet-60x60.png 60w\" sizes=\"auto, (max-width: 150px) 100vw, 150px\" \/>A j\u00e1t\u00e9kos, mozg\u00e1sos, bar\u00e1ts\u00e1gos l\u00e9gk\u00f6r\u0171 foglalkoz\u00e1sainkon fejlesztj\u00fck, er\u0151s\u00edtj\u00fck az iskol\u00e1ba k\u00e9sz\u00fcl\u0151 gyerekek azon k\u00e9pess\u00e9geit, melyek az els\u0151 oszt\u00e1ly sikeres, z\u00f6kken\u0151mentes kezd\u00e9s\u00e9hez sz\u00fcks\u00e9gesek.<br>A foglalkoz\u00e1sminden szerd\u00e1n 15:30-t\u00f3l 16:15-ig tart.<\/p>\n<p style=\"text-align: justify;\">Az iskolael\u0151k\u00e9sz\u00edt\u0151 foglalkoz\u00e1sok ingyenesek. Iskol\u00e1nk kapuja minden leend\u0151 els\u0151s el\u0151tt nyitva \u00e1ll.<!--more--><\/p>\n<p style=\"text-align: justify;\"><strong>A foglalkoz\u00e1s t\u00e9m\u00e1ja:<\/strong><\/p>\n<p style=\"text-align: justify;\">J\u00e1t\u00e9kos ismerked\u00e9s a n\u00e9met nyelv\u0171 dalokkal, mond\u00f3k\u00e1kkal.<br>Csillan\u00e9ni v\u00e1rja sok szeretettel az \u00f3vod\u00e1s kisgyermekeket<\/p>\n","protected":false},"excerpt":{"rendered":"<p>2025. okt\u00f3ber 15. A j\u00e1t\u00e9kos, mozg\u00e1sos, bar\u00e1ts\u00e1gos l\u00e9gk\u00f6r\u0171 foglalkoz\u00e1sainkon fejlesztj\u00fck, er\u0151s\u00edtj\u00fck az iskol\u00e1ba k\u00e9sz\u00fcl\u0151 gyerekek azon k\u00e9pess\u00e9geit, melyek az els\u0151 oszt\u00e1ly sikeres, z\u00f6kken\u0151mentes kezd\u00e9s\u00e9hez sz\u00fcks\u00e9gesek.A foglalkoz\u00e1sminden szerd\u00e1n 15:30-t\u00f3l 16:15-ig tart. Az iskolael\u0151k\u00e9sz\u00edt\u0151 foglalkoz\u00e1sok ingyenesek. Iskol\u00e1nk kapuja minden leend\u0151 els\u0151s el\u0151tt nyitva \u00e1ll.<\/p>\n","protected":false},"author":4,"featured_media":0,"comment_status":"closed","ping_status":"open","sticky":false,"template":"","format":"standard","meta":{"ngg_post_thumbnail":0,"footnotes":""},"categories":[63],"tags":[],"class_list":["post-4499","post","type-post","status-publish","format-standard","hentry","category-sulivaro-2025"],"_links":{"self":[{"href":"http:\/\/www.radnotiiskola.hu\/new\/wp-json\/wp\/v2\/posts\/4499","targetHints":{"allow":["GET"]}}],"collection":[{"href":"http:\/\/www.radnotiiskola.hu\/new\/wp-json\/wp\/v2\/posts"}],"about":[{"href":"http:\/\/www.radnotiiskola.hu\/new\/wp-json\/wp\/v2\/types\/post"}],"author":[{"embeddable":true,"href":"http:\/\/www.radnotiiskola.hu\/new\/wp-json\/wp\/v2\/users\/4"}],"replies":[{"embeddable":true,"href":"http:\/\/www.radnotiiskola.hu\/new\/wp-json\/wp\/v2\/comments?post=4499"}],"version-history":[{"count":0,"href":"http:\/\/www.radnotiiskola.hu\/new\/wp-json\/wp\/v2\/posts\/4499\/revisions"}],"wp:attachment":[{"href":"http:\/\/www.radnotiiskola.hu\/new\/wp-json\/wp\/v2\/media?parent=4499"}],"wp:term":[{"taxonomy":"category","embeddable":true,"href":"http:\/\/www.radnotiiskola.hu\/new\/wp-json\/wp\/v2\/categories?post=4499"},{"taxonomy":"post_tag","embeddable":true,"href":"http:\/\/www.radnotiiskola.hu\/new\/wp-json\/wp\/v2\/tags?post=4499"}],"curies":[{"name":"wp","href":"https:\/\/api.w.org\/{rel}","templated":true}]}}