{"id":4504,"date":"2025-10-16T09:30:48","date_gmt":"2025-10-16T09:30:48","guid":{"rendered":"https:\/\/www.radnotiiskola.hu\/new\/?p=4504"},"modified":"2025-10-17T09:34:57","modified_gmt":"2025-10-17T09:34:57","slug":"bringasuli-a-radnotiban","status":"publish","type":"post","link":"http:\/\/www.radnotiiskola.hu\/new\/2025\/10\/16\/bringasuli-a-radnotiban\/","title":{"rendered":"Bringasuli a Radn\u00f3tiban"},"content":{"rendered":"\n<p style=\"text-align: justify;\"><img loading=\"lazy\" decoding=\"async\" class=\"alignright size-medium wp-image-4505\" src=\"http:\/\/www.radnotiiskola.hu\/new\/wp-content\/uploads\/2025\/10\/bringasuli8-300x225.jpg\" alt=\"\" width=\"300\" height=\"225\" srcset=\"http:\/\/www.radnotiiskola.hu\/new\/wp-content\/uploads\/2025\/10\/bringasuli8-300x225.jpg 300w, http:\/\/www.radnotiiskola.hu\/new\/wp-content\/uploads\/2025\/10\/bringasuli8-1024x768.jpg 1024w, http:\/\/www.radnotiiskola.hu\/new\/wp-content\/uploads\/2025\/10\/bringasuli8-768x576.jpg 768w, http:\/\/www.radnotiiskola.hu\/new\/wp-content\/uploads\/2025\/10\/bringasuli8-1536x1152.jpg 1536w, http:\/\/www.radnotiiskola.hu\/new\/wp-content\/uploads\/2025\/10\/bringasuli8.jpg 2048w\" sizes=\"auto, (max-width: 300px) 100vw, 300px\" \/>Iskol\u00e1nk 4. \u00e9s 6. \u00e9vfolyamos tanul\u00f3i k\u00f6z\u00fcl 12 lelkes di\u00e1k vett r\u00e9szt a Bringasuli programon, ahol j\u00e1t\u00e9kos form\u00e1ban ismerkedhettek meg a biztons\u00e1gos ker\u00e9kp\u00e1roz\u00e1s szab\u00e1lyaival. A gyerekek nemcsak elm\u00e9leti tud\u00e1st szereztek, hanem gyakorlati feladatokon kereszt\u00fcl fejleszthett\u00e9k k\u00f6zleked\u00e9si ismereteiket \u00e9s bring\u00e1s k\u00e9szs\u00e9geiket is.<br>K\u00f6sz\u00f6nj\u00fck a sz\u00fcl\u0151knek a t\u00e1mogat\u00e1st, \u00e9s a r\u00e9sztvev\u0151knek ezt a tartalmas, \u00e9lm\u00e9nyekkel teli napokat!<!--more--><\/p>\n<p style=\"text-align: justify;\">Tov\u00e1bbi k\u00e9pek <a href=\"https:\/\/drive.google.com\/drive\/folders\/1y8cHTlgEyKzCUJESzhPWVFJW51rs6I-Z?usp=sharing\">IDE<\/a> kattintva tekinthet\u0151ek meg!&nbsp;<br>A program\u00e9rt felel\u0151s tan\u00e1r: Harcs\u00e1n\u00e8 Auerbach Petra, \u00e9s seg\u00edtette N\u00e9meth Zolt\u00e1n.<\/p>\n","protected":false},"excerpt":{"rendered":"<p>Iskol\u00e1nk 4. \u00e9s 6. \u00e9vfolyamos tanul\u00f3i k\u00f6z\u00fcl 12 lelkes di\u00e1k vett r\u00e9szt a Bringasuli programon, ahol j\u00e1t\u00e9kos form\u00e1ban ismerkedhettek meg a biztons\u00e1gos ker\u00e9kp\u00e1roz\u00e1s szab\u00e1lyaival. A gyerekek nemcsak elm\u00e9leti tud\u00e1st szereztek, hanem gyakorlati feladatokon kereszt\u00fcl fejleszthett\u00e9k k\u00f6zleked\u00e9si ismereteiket \u00e9s bring\u00e1s k\u00e9szs\u00e9geiket is.K\u00f6sz\u00f6nj\u00fck a sz\u00fcl\u0151knek a t\u00e1mogat\u00e1st, \u00e9s a r\u00e9sztvev\u0151knek ezt a tartalmas, \u00e9lm\u00e9nyekkel teli napokat!<\/p>\n","protected":false},"author":4,"featured_media":0,"comment_status":"closed","ping_status":"open","sticky":false,"template":"","format":"standard","meta":{"ngg_post_thumbnail":0,"footnotes":""},"categories":[59],"tags":[],"class_list":["post-4504","post","type-post","status-publish","format-standard","hentry","category-esemenyek-2025"],"_links":{"self":[{"href":"http:\/\/www.radnotiiskola.hu\/new\/wp-json\/wp\/v2\/posts\/4504","targetHints":{"allow":["GET"]}}],"collection":[{"href":"http:\/\/www.radnotiiskola.hu\/new\/wp-json\/wp\/v2\/posts"}],"about":[{"href":"http:\/\/www.radnotiiskola.hu\/new\/wp-json\/wp\/v2\/types\/post"}],"author":[{"embeddable":true,"href":"http:\/\/www.radnotiiskola.hu\/new\/wp-json\/wp\/v2\/users\/4"}],"replies":[{"embeddable":true,"href":"http:\/\/www.radnotiiskola.hu\/new\/wp-json\/wp\/v2\/comments?post=4504"}],"version-history":[{"count":0,"href":"http:\/\/www.radnotiiskola.hu\/new\/wp-json\/wp\/v2\/posts\/4504\/revisions"}],"wp:attachment":[{"href":"http:\/\/www.radnotiiskola.hu\/new\/wp-json\/wp\/v2\/media?parent=4504"}],"wp:term":[{"taxonomy":"category","embeddable":true,"href":"http:\/\/www.radnotiiskola.hu\/new\/wp-json\/wp\/v2\/categories?post=4504"},{"taxonomy":"post_tag","embeddable":true,"href":"http:\/\/www.radnotiiskola.hu\/new\/wp-json\/wp\/v2\/tags?post=4504"}],"curies":[{"name":"wp","href":"https:\/\/api.w.org\/{rel}","templated":true}]}}