{"id":4508,"date":"2025-10-20T06:58:17","date_gmt":"2025-10-20T06:58:17","guid":{"rendered":"https:\/\/www.radnotiiskola.hu\/new\/?p=4508"},"modified":"2025-10-21T13:30:36","modified_gmt":"2025-10-21T13:30:36","slug":"belvarosi-sulivaro-70","status":"publish","type":"post","link":"http:\/\/www.radnotiiskola.hu\/new\/2025\/10\/20\/belvarosi-sulivaro-70\/","title":{"rendered":"BELV\u00c1ROSI SULIV\u00c1R\u00d3"},"content":{"rendered":"\n<p><strong><em>2025.okt\u00f3ber 22.<br><\/em><\/strong><img loading=\"lazy\" decoding=\"async\" class=\"alignright size-medium wp-image-4324\" src=\"http:\/\/www.radnotiiskola.hu\/new\/wp-content\/uploads\/2025\/04\/honlap-300x173.png\" alt=\"\" width=\"300\" height=\"173\" srcset=\"http:\/\/www.radnotiiskola.hu\/new\/wp-content\/uploads\/2025\/04\/honlap-300x173.png 300w, http:\/\/www.radnotiiskola.hu\/new\/wp-content\/uploads\/2025\/04\/honlap-768x444.png 768w, http:\/\/www.radnotiiskola.hu\/new\/wp-content\/uploads\/2025\/04\/honlap.png 929w\" sizes=\"auto, (max-width: 300px) 100vw, 300px\" \/>A j\u00e1t\u00e9kos, mozg\u00e1sos, bar\u00e1ts\u00e1gos l\u00e9gk\u00f6r\u0171 foglalkoz\u00e1sainkon fejlesztj\u00fck, er\u0151s\u00edtj\u00fck az iskol\u00e1ba k\u00e9sz\u00fcl\u0151 gyerekek azon k\u00e9pess\u00e9geit, melyek az els\u0151 oszt\u00e1ly sikeres, z\u00f6kken\u0151mentes kezd\u00e9s\u00e9hez sz\u00fcks\u00e9gesek.<br>A foglalkoz\u00e1s minden szerd\u00e1n 15:30-t\u00f3l 16:15-ig tart.<br>Az iskola-el\u0151k\u00e9sz\u00edt\u0151 foglalkoz\u00e1sok ingyenesek. Iskol\u00e1nk kapuja minden leend\u0151 els\u0151s el\u0151tt nyitva \u00e1ll.<!--more--><\/p>\n<p><strong>A foglalkoz\u00e1s t\u00e9<\/strong><strong>m\u00e1ja:<br><\/strong>J\u00e1t\u00e9kos ismerked\u00e9s a digit\u00e1lis eszk\u00f6z\u00f6kkel: Beebot, sz\u00e1m\u00edt\u00f3g\u00e9p, Tablet, interakt\u00edv t\u00e1bla.<br>Timin\u00e9ni v\u00e1rja sok szeretettel az \u00f3vod\u00e1s kisgyermekeket<\/p>\n","protected":false},"excerpt":{"rendered":"<p>2025.okt\u00f3ber 22.A j\u00e1t\u00e9kos, mozg\u00e1sos, bar\u00e1ts\u00e1gos l\u00e9gk\u00f6r\u0171 foglalkoz\u00e1sainkon fejlesztj\u00fck, er\u0151s\u00edtj\u00fck az iskol\u00e1ba k\u00e9sz\u00fcl\u0151 gyerekek azon k\u00e9pess\u00e9geit, melyek az els\u0151 oszt\u00e1ly sikeres, z\u00f6kken\u0151mentes kezd\u00e9s\u00e9hez sz\u00fcks\u00e9gesek.A foglalkoz\u00e1s minden szerd\u00e1n 15:30-t\u00f3l 16:15-ig tart.Az iskola-el\u0151k\u00e9sz\u00edt\u0151 foglalkoz\u00e1sok ingyenesek. Iskol\u00e1nk kapuja minden leend\u0151 els\u0151s el\u0151tt nyitva \u00e1ll.<\/p>\n","protected":false},"author":4,"featured_media":0,"comment_status":"closed","ping_status":"open","sticky":false,"template":"","format":"standard","meta":{"ngg_post_thumbnail":0,"footnotes":""},"categories":[63],"tags":[],"class_list":["post-4508","post","type-post","status-publish","format-standard","hentry","category-sulivaro-2025"],"_links":{"self":[{"href":"http:\/\/www.radnotiiskola.hu\/new\/wp-json\/wp\/v2\/posts\/4508","targetHints":{"allow":["GET"]}}],"collection":[{"href":"http:\/\/www.radnotiiskola.hu\/new\/wp-json\/wp\/v2\/posts"}],"about":[{"href":"http:\/\/www.radnotiiskola.hu\/new\/wp-json\/wp\/v2\/types\/post"}],"author":[{"embeddable":true,"href":"http:\/\/www.radnotiiskola.hu\/new\/wp-json\/wp\/v2\/users\/4"}],"replies":[{"embeddable":true,"href":"http:\/\/www.radnotiiskola.hu\/new\/wp-json\/wp\/v2\/comments?post=4508"}],"version-history":[{"count":1,"href":"http:\/\/www.radnotiiskola.hu\/new\/wp-json\/wp\/v2\/posts\/4508\/revisions"}],"predecessor-version":[{"id":4513,"href":"http:\/\/www.radnotiiskola.hu\/new\/wp-json\/wp\/v2\/posts\/4508\/revisions\/4513"}],"wp:attachment":[{"href":"http:\/\/www.radnotiiskola.hu\/new\/wp-json\/wp\/v2\/media?parent=4508"}],"wp:term":[{"taxonomy":"category","embeddable":true,"href":"http:\/\/www.radnotiiskola.hu\/new\/wp-json\/wp\/v2\/categories?post=4508"},{"taxonomy":"post_tag","embeddable":true,"href":"http:\/\/www.radnotiiskola.hu\/new\/wp-json\/wp\/v2\/tags?post=4508"}],"curies":[{"name":"wp","href":"https:\/\/api.w.org\/{rel}","templated":true}]}}