{"id":4518,"date":"2025-10-21T08:04:16","date_gmt":"2025-10-21T08:04:16","guid":{"rendered":"https:\/\/www.radnotiiskola.hu\/new\/?p=4518"},"modified":"2025-11-03T08:19:10","modified_gmt":"2025-11-03T08:19:10","slug":"adventi-kirandulas","status":"publish","type":"post","link":"http:\/\/www.radnotiiskola.hu\/new\/2025\/10\/21\/adventi-kirandulas\/","title":{"rendered":"Adventi kir\u00e1ndul\u00e1s"},"content":{"rendered":"\n<p><strong>Kedves Sz\u00fcl\u0151!&nbsp;<\/strong><\/p>\n<p>Id\u00e9n \u00fajra megszervez\u00e9sre ker\u00fcl hagyom\u00e1nyos adventi kir\u00e1ndul\u00e1sunk B\u00e9csbe. Gyermeke szeretne jelentkezni a programra.&nbsp;<br><strong>Id\u0151pont:<\/strong> 2025. december 12. p\u00e9ntek&nbsp;<br><strong>Program<\/strong>: Kittsee (Hauswirth&nbsp; csokigy\u00e1r &#8211; v\u00e1s\u00e1rl\u00e1si lehet\u0151s\u00e9g), B\u00e9cs: Term\u00e9szettudom\u00e1nyi M\u00fazeum &#8211; szabadid\u0151 a v\u00e1s\u00e1rban.&nbsp;<br><strong>K\u00f6lts\u00e9gek:<\/strong> gyermek 7500 Ft (busz \u00e9s biztos\u00edt\u00e1s) \u00e9s 5 eur\u00f3 (bel\u00e9p\u0151, parkol\u00e1s)&nbsp;<br>&nbsp; &nbsp; &nbsp; &nbsp; &nbsp; &nbsp; &nbsp; &nbsp; &nbsp; &nbsp; feln\u0151tt 7500 Ft \u00e9s 20 eur\u00f3<br>Mindenkinek legyen<strong> \u00e9rv\u00e9nyes szem\u00e9lyi igazolv\u00e1nya vagy \u00fatlevele.<\/strong><br>A pontos r\u00e9szletekr\u0151l az utaz\u00e1s el\u0151tt kapnak t\u00e1j\u00e9koztat\u00e1st.&nbsp;<br>A jelentkez\u00e9s megfer\u0151s\u00edt\u00e9se az \u00fatik\u00f6lts\u00e9g befizet\u00e9s\u00e9vel t\u00f6rt\u00e9nik <strong>2025. november 7-ig.&nbsp;<br>1-6. oszt\u00e1lyos tanul\u00f3 feln\u0151tt k\u00eds\u00e9rettel jelentkezhet.&nbsp;<\/strong><\/p>\n<p>K\u00f6sz\u00f6nettel:<\/p>\n<p style=\"text-align: right;\">Kiss L\u00e1szl\u00f3n\u00e9 Ildi n\u00e9ni (szervez\u0151)&nbsp;<\/p>\n","protected":false},"excerpt":{"rendered":"<p>Kedves Sz\u00fcl\u0151!&nbsp; Id\u00e9n \u00fajra megszervez\u00e9sre ker\u00fcl hagyom\u00e1nyos adventi kir\u00e1ndul\u00e1sunk B\u00e9csbe. Gyermeke szeretne jelentkezni a programra.&nbsp;Id\u0151pont: 2025. december 12. p\u00e9ntek&nbsp;Program: Kittsee (Hauswirth&nbsp; csokigy\u00e1r &#8211; v\u00e1s\u00e1rl\u00e1si lehet\u0151s\u00e9g), B\u00e9cs: Term\u00e9szettudom\u00e1nyi M\u00fazeum &#8211; szabadid\u0151 a v\u00e1s\u00e1rban.&nbsp;K\u00f6lts\u00e9gek: gyermek 7500 Ft (busz \u00e9s biztos\u00edt\u00e1s) \u00e9s 5 eur\u00f3 (bel\u00e9p\u0151, parkol\u00e1s)&nbsp;&nbsp; &nbsp; &nbsp; &nbsp; &nbsp; &nbsp; &nbsp; &nbsp; &nbsp; &nbsp; feln\u0151tt 7500 Ft [&hellip;]<\/p>\n","protected":false},"author":4,"featured_media":0,"comment_status":"closed","ping_status":"open","sticky":false,"template":"","format":"standard","meta":{"ngg_post_thumbnail":0,"footnotes":""},"categories":[28],"tags":[],"class_list":["post-4518","post","type-post","status-publish","format-standard","hentry","category-esemenyek-2019"],"_links":{"self":[{"href":"http:\/\/www.radnotiiskola.hu\/new\/wp-json\/wp\/v2\/posts\/4518","targetHints":{"allow":["GET"]}}],"collection":[{"href":"http:\/\/www.radnotiiskola.hu\/new\/wp-json\/wp\/v2\/posts"}],"about":[{"href":"http:\/\/www.radnotiiskola.hu\/new\/wp-json\/wp\/v2\/types\/post"}],"author":[{"embeddable":true,"href":"http:\/\/www.radnotiiskola.hu\/new\/wp-json\/wp\/v2\/users\/4"}],"replies":[{"embeddable":true,"href":"http:\/\/www.radnotiiskola.hu\/new\/wp-json\/wp\/v2\/comments?post=4518"}],"version-history":[{"count":3,"href":"http:\/\/www.radnotiiskola.hu\/new\/wp-json\/wp\/v2\/posts\/4518\/revisions"}],"predecessor-version":[{"id":4521,"href":"http:\/\/www.radnotiiskola.hu\/new\/wp-json\/wp\/v2\/posts\/4518\/revisions\/4521"}],"wp:attachment":[{"href":"http:\/\/www.radnotiiskola.hu\/new\/wp-json\/wp\/v2\/media?parent=4518"}],"wp:term":[{"taxonomy":"category","embeddable":true,"href":"http:\/\/www.radnotiiskola.hu\/new\/wp-json\/wp\/v2\/categories?post=4518"},{"taxonomy":"post_tag","embeddable":true,"href":"http:\/\/www.radnotiiskola.hu\/new\/wp-json\/wp\/v2\/tags?post=4518"}],"curies":[{"name":"wp","href":"https:\/\/api.w.org\/{rel}","templated":true}]}}