{"id":4526,"date":"2025-11-10T09:05:37","date_gmt":"2025-11-10T09:05:37","guid":{"rendered":"https:\/\/www.radnotiiskola.hu\/new\/?p=4526"},"modified":"2025-11-13T09:11:01","modified_gmt":"2025-11-13T09:11:01","slug":"bunmegelozesi-foglalkozas-az-iskolankban","status":"publish","type":"post","link":"http:\/\/www.radnotiiskola.hu\/new\/2025\/11\/10\/bunmegelozesi-foglalkozas-az-iskolankban\/","title":{"rendered":"B\u0171nmegel\u0151z\u00e9si foglalkoz\u00e1s az iskol\u00e1nkban!"},"content":{"rendered":"\n<p style=\"text-align: justify;\"><img loading=\"lazy\" decoding=\"async\" class=\"alignright size-medium wp-image-4529\" src=\"http:\/\/www.radnotiiskola.hu\/new\/wp-content\/uploads\/2025\/11\/c4308f25-67b8-4a7e-8a4b-96e286522891-300x225.jpg\" alt=\"\" width=\"300\" height=\"225\" srcset=\"http:\/\/www.radnotiiskola.hu\/new\/wp-content\/uploads\/2025\/11\/c4308f25-67b8-4a7e-8a4b-96e286522891-300x225.jpg 300w, http:\/\/www.radnotiiskola.hu\/new\/wp-content\/uploads\/2025\/11\/c4308f25-67b8-4a7e-8a4b-96e286522891-1024x768.jpg 1024w, http:\/\/www.radnotiiskola.hu\/new\/wp-content\/uploads\/2025\/11\/c4308f25-67b8-4a7e-8a4b-96e286522891-768x576.jpg 768w, http:\/\/www.radnotiiskola.hu\/new\/wp-content\/uploads\/2025\/11\/c4308f25-67b8-4a7e-8a4b-96e286522891-1536x1152.jpg 1536w, http:\/\/www.radnotiiskola.hu\/new\/wp-content\/uploads\/2025\/11\/c4308f25-67b8-4a7e-8a4b-96e286522891.jpg 2048w\" sizes=\"auto, (max-width: 300px) 100vw, 300px\" \/>Ma rendhagy\u00f3 programon vehettek r\u00e9szt iskol\u00e1nk 3.a \u00e9s 7.a oszt\u00e1lyos tanul\u00f3i, akiknek a Gy\u0151ri Rend\u0151rkapit\u00e1nys\u00e1g hadnagya tartott interakt\u00edv b\u0171nmegel\u0151z\u00e9si foglalkoz\u00e1st. A 3.a oszt\u00e1ly a bullying, vagyis az iskolai b\u00e1ntalmaz\u00e1s t\u00e9m\u00e1j\u00e1t j\u00e1rta k\u00f6r\u00fcl \u2013 k\u00f6z\u00f6sen gondolkodtak arr\u00f3l, hogyan lehet felismerni, kezelni \u00e9s megel\u0151zni a b\u00e1nt\u00f3 helyzeteket, \u00e9s mi\u00e9rt fontos, hogy senki ne maradjon egyed\u00fcl a probl\u00e9m\u00e1j\u00e1val. A 7.a oszt\u00e1ly pedig az online t\u00e9r vesz\u00e9lyeivel ismerkedett meg \u2013 sz\u00f3 esett az adathal\u00e1szatr\u00f3l, a szem\u00e9lyes adatok v\u00e9delm\u00e9r\u0151l, a k\u00f6z\u00f6ss\u00e9gi m\u00e9dia tudatos haszn\u00e1lat\u00e1r\u00f3l, valamint arr\u00f3l, mit tehetnek, ha zaklat\u00e1ssal tal\u00e1lkoznak az interneten. A rend\u0151r hadnagy k\u00f6zvetlen st\u00edlusa \u00e9s az interakt\u00edv forma lehet\u0151v\u00e9 tette, hogy a tanul\u00f3k akt\u00edvan r\u00e9szt vegyenek \u00e9s b\u00e1tran k\u00e9rdezzenek. K\u00f6sz\u00f6nj\u00fck a rend\u0151rs\u00e9g k\u00f6zrem\u0171k\u00f6d\u00e9s\u00e9t, hogy seg\u00edtik di\u00e1kjainkat a biztons\u00e1gosabb mindennapok\u00e9rt.<\/p>\n","protected":false},"excerpt":{"rendered":"<p>Ma rendhagy\u00f3 programon vehettek r\u00e9szt iskol\u00e1nk 3.a \u00e9s 7.a oszt\u00e1lyos tanul\u00f3i, akiknek a Gy\u0151ri Rend\u0151rkapit\u00e1nys\u00e1g hadnagya tartott interakt\u00edv b\u0171nmegel\u0151z\u00e9si foglalkoz\u00e1st. A 3.a oszt\u00e1ly a bullying, vagyis az iskolai b\u00e1ntalmaz\u00e1s t\u00e9m\u00e1j\u00e1t j\u00e1rta k\u00f6r\u00fcl \u2013 k\u00f6z\u00f6sen gondolkodtak arr\u00f3l, hogyan lehet felismerni, kezelni \u00e9s megel\u0151zni a b\u00e1nt\u00f3 helyzeteket, \u00e9s mi\u00e9rt fontos, hogy senki ne maradjon egyed\u00fcl a probl\u00e9m\u00e1j\u00e1val. [&hellip;]<\/p>\n","protected":false},"author":4,"featured_media":0,"comment_status":"closed","ping_status":"open","sticky":false,"template":"","format":"standard","meta":{"ngg_post_thumbnail":0,"footnotes":""},"categories":[59],"tags":[],"class_list":["post-4526","post","type-post","status-publish","format-standard","hentry","category-esemenyek-2025"],"_links":{"self":[{"href":"http:\/\/www.radnotiiskola.hu\/new\/wp-json\/wp\/v2\/posts\/4526","targetHints":{"allow":["GET"]}}],"collection":[{"href":"http:\/\/www.radnotiiskola.hu\/new\/wp-json\/wp\/v2\/posts"}],"about":[{"href":"http:\/\/www.radnotiiskola.hu\/new\/wp-json\/wp\/v2\/types\/post"}],"author":[{"embeddable":true,"href":"http:\/\/www.radnotiiskola.hu\/new\/wp-json\/wp\/v2\/users\/4"}],"replies":[{"embeddable":true,"href":"http:\/\/www.radnotiiskola.hu\/new\/wp-json\/wp\/v2\/comments?post=4526"}],"version-history":[{"count":1,"href":"http:\/\/www.radnotiiskola.hu\/new\/wp-json\/wp\/v2\/posts\/4526\/revisions"}],"predecessor-version":[{"id":4531,"href":"http:\/\/www.radnotiiskola.hu\/new\/wp-json\/wp\/v2\/posts\/4526\/revisions\/4531"}],"wp:attachment":[{"href":"http:\/\/www.radnotiiskola.hu\/new\/wp-json\/wp\/v2\/media?parent=4526"}],"wp:term":[{"taxonomy":"category","embeddable":true,"href":"http:\/\/www.radnotiiskola.hu\/new\/wp-json\/wp\/v2\/categories?post=4526"},{"taxonomy":"post_tag","embeddable":true,"href":"http:\/\/www.radnotiiskola.hu\/new\/wp-json\/wp\/v2\/tags?post=4526"}],"curies":[{"name":"wp","href":"https:\/\/api.w.org\/{rel}","templated":true}]}}