{"id":4535,"date":"2025-11-10T09:15:22","date_gmt":"2025-11-10T09:15:22","guid":{"rendered":"https:\/\/www.radnotiiskola.hu\/new\/?p=4535"},"modified":"2025-11-13T09:20:36","modified_gmt":"2025-11-13T09:20:36","slug":"megemlekezes","status":"publish","type":"post","link":"http:\/\/www.radnotiiskola.hu\/new\/2025\/11\/10\/megemlekezes\/","title":{"rendered":"Megeml\u00e9kez\u00e9s"},"content":{"rendered":"\n<p style=\"text-align: justify;\"><img loading=\"lazy\" decoding=\"async\" class=\"size-medium wp-image-4536 alignright\" src=\"http:\/\/www.radnotiiskola.hu\/new\/wp-content\/uploads\/2025\/11\/radnoti-1-300x225.jpg\" alt=\"\" width=\"300\" height=\"225\" srcset=\"http:\/\/www.radnotiiskola.hu\/new\/wp-content\/uploads\/2025\/11\/radnoti-1-300x225.jpg 300w, http:\/\/www.radnotiiskola.hu\/new\/wp-content\/uploads\/2025\/11\/radnoti-1-1024x768.jpg 1024w, http:\/\/www.radnotiiskola.hu\/new\/wp-content\/uploads\/2025\/11\/radnoti-1-768x576.jpg 768w, http:\/\/www.radnotiiskola.hu\/new\/wp-content\/uploads\/2025\/11\/radnoti-1-1536x1152.jpg 1536w, http:\/\/www.radnotiiskola.hu\/new\/wp-content\/uploads\/2025\/11\/radnoti-1.jpg 2048w\" sizes=\"auto, (max-width: 300px) 100vw, 300px\" \/>November 10-\u00e9n iskol\u00e1nk n\u00e9vad\u00f3j\u00e1nak Radn\u00f3ti Mikl\u00f3snak a hal\u00e1l\u00e1ra eml\u00e9kezt\u00fcnk. K\u00f6sz\u00f6nj\u00fck a m\u0171sort a 8. oszt\u00e1lyos di\u00e1koknak \u00e9s az egy-egy sz\u00e1l vir\u00e1got az oszt\u00e1lyok k\u00e9pvisel\u0151inek. A m\u0171sort \u00f6ssze\u00e1ll\u00edtotta: Harcs\u00e1n\u00e9 Auerbach Petra, szerepelt Kelemeny Kincs\u0151, Fogarasi Zorka, Bord\u00f3s Vanessza \u00e9s Bokor-Zs\u00e1kai Friderika.<\/p>\n","protected":false},"excerpt":{"rendered":"<p>November 10-\u00e9n iskol\u00e1nk n\u00e9vad\u00f3j\u00e1nak Radn\u00f3ti Mikl\u00f3snak a hal\u00e1l\u00e1ra eml\u00e9kezt\u00fcnk. K\u00f6sz\u00f6nj\u00fck a m\u0171sort a 8. oszt\u00e1lyos di\u00e1koknak \u00e9s az egy-egy sz\u00e1l vir\u00e1got az oszt\u00e1lyok k\u00e9pvisel\u0151inek. A m\u0171sort \u00f6ssze\u00e1ll\u00edtotta: Harcs\u00e1n\u00e9 Auerbach Petra, szerepelt Kelemeny Kincs\u0151, Fogarasi Zorka, Bord\u00f3s Vanessza \u00e9s Bokor-Zs\u00e1kai Friderika.<\/p>\n","protected":false},"author":4,"featured_media":0,"comment_status":"closed","ping_status":"open","sticky":false,"template":"","format":"standard","meta":{"ngg_post_thumbnail":0,"footnotes":""},"categories":[59],"tags":[],"class_list":["post-4535","post","type-post","status-publish","format-standard","hentry","category-esemenyek-2025"],"_links":{"self":[{"href":"http:\/\/www.radnotiiskola.hu\/new\/wp-json\/wp\/v2\/posts\/4535","targetHints":{"allow":["GET"]}}],"collection":[{"href":"http:\/\/www.radnotiiskola.hu\/new\/wp-json\/wp\/v2\/posts"}],"about":[{"href":"http:\/\/www.radnotiiskola.hu\/new\/wp-json\/wp\/v2\/types\/post"}],"author":[{"embeddable":true,"href":"http:\/\/www.radnotiiskola.hu\/new\/wp-json\/wp\/v2\/users\/4"}],"replies":[{"embeddable":true,"href":"http:\/\/www.radnotiiskola.hu\/new\/wp-json\/wp\/v2\/comments?post=4535"}],"version-history":[{"count":1,"href":"http:\/\/www.radnotiiskola.hu\/new\/wp-json\/wp\/v2\/posts\/4535\/revisions"}],"predecessor-version":[{"id":4537,"href":"http:\/\/www.radnotiiskola.hu\/new\/wp-json\/wp\/v2\/posts\/4535\/revisions\/4537"}],"wp:attachment":[{"href":"http:\/\/www.radnotiiskola.hu\/new\/wp-json\/wp\/v2\/media?parent=4535"}],"wp:term":[{"taxonomy":"category","embeddable":true,"href":"http:\/\/www.radnotiiskola.hu\/new\/wp-json\/wp\/v2\/categories?post=4535"},{"taxonomy":"post_tag","embeddable":true,"href":"http:\/\/www.radnotiiskola.hu\/new\/wp-json\/wp\/v2\/tags?post=4535"}],"curies":[{"name":"wp","href":"https:\/\/api.w.org\/{rel}","templated":true}]}}