{"id":4739,"date":"2026-03-02T16:54:26","date_gmt":"2026-03-02T16:54:26","guid":{"rendered":"https:\/\/www.radnotiiskola.hu\/new\/?p=4739"},"modified":"2026-03-02T16:54:36","modified_gmt":"2026-03-02T16:54:36","slug":"belvarosi-sulivaro-77","status":"publish","type":"post","link":"http:\/\/www.radnotiiskola.hu\/new\/2026\/03\/02\/belvarosi-sulivaro-77\/","title":{"rendered":"BELV\u00c1ROSI SULIV\u00c1R\u00d3"},"content":{"rendered":"\n<p style=\"text-align: justify;\"><strong><i><img loading=\"lazy\" decoding=\"async\" class=\"alignright size-medium wp-image-4740\" src=\"http:\/\/www.radnotiiskola.hu\/new\/wp-content\/uploads\/2026\/03\/pngtree-pretty-easter-basket-clipart-png-image_5962676-300x300.png\" alt=\"\" width=\"300\" height=\"300\" srcset=\"http:\/\/www.radnotiiskola.hu\/new\/wp-content\/uploads\/2026\/03\/pngtree-pretty-easter-basket-clipart-png-image_5962676-300x300.png 300w, http:\/\/www.radnotiiskola.hu\/new\/wp-content\/uploads\/2026\/03\/pngtree-pretty-easter-basket-clipart-png-image_5962676-1024x1024.png 1024w, http:\/\/www.radnotiiskola.hu\/new\/wp-content\/uploads\/2026\/03\/pngtree-pretty-easter-basket-clipart-png-image_5962676-150x150.png 150w, http:\/\/www.radnotiiskola.hu\/new\/wp-content\/uploads\/2026\/03\/pngtree-pretty-easter-basket-clipart-png-image_5962676-768x768.png 768w, http:\/\/www.radnotiiskola.hu\/new\/wp-content\/uploads\/2026\/03\/pngtree-pretty-easter-basket-clipart-png-image_5962676-60x60.png 60w, http:\/\/www.radnotiiskola.hu\/new\/wp-content\/uploads\/2026\/03\/pngtree-pretty-easter-basket-clipart-png-image_5962676.png 1200w\" sizes=\"auto, (max-width: 300px) 100vw, 300px\" \/>2026. m\u00e1rcius 4.<br><\/i><\/strong>A j\u00e1t\u00e9kos, mozg\u00e1sos, bar\u00e1ts\u00e1gos l\u00e9gk\u00f6r\u0171 foglalkoz\u00e1sainkon fejlesztj\u00fck, er\u0151s\u00edtj\u00fck az iskol\u00e1ba k\u00e9sz\u00fcl\u0151 gyerekek azon k\u00e9pess\u00e9geit, melyek az els\u0151 oszt\u00e1ly sikeres, z\u00f6kken\u0151mentes kezd\u00e9s\u00e9hez sz\u00fcks\u00e9gesek.<br>A foglalkoz\u00e1sminden szerd\u00e1n 15:30-t\u00f3l 16:15-ig tart.<br>Az iskolael\u0151k\u00e9sz\u00edt\u0151 foglalkoz\u00e1sok ingyenesek. Iskol\u00e1nk kapuja minden leend\u0151 els\u0151s el\u0151tt nyitva \u00e1ll.<!--more--><\/p>\n<p style=\"text-align: justify;\"><strong>A foglalkoz\u00e1s t\u00e9<\/strong><strong>m\u00e1ja: <\/strong>H\u00fasv\u00e9ti mond\u00f3ka, tavaszv\u00e1r\u00e1s n\u00e9met\u00fcl.<br>Csillan\u00e9ni v\u00e1rja sok szeretettel az \u00f3vod\u00e1s kisgyermekeket<\/p>\n","protected":false},"excerpt":{"rendered":"<p>2026. m\u00e1rcius 4.A j\u00e1t\u00e9kos, mozg\u00e1sos, bar\u00e1ts\u00e1gos l\u00e9gk\u00f6r\u0171 foglalkoz\u00e1sainkon fejlesztj\u00fck, er\u0151s\u00edtj\u00fck az iskol\u00e1ba k\u00e9sz\u00fcl\u0151 gyerekek azon k\u00e9pess\u00e9geit, melyek az els\u0151 oszt\u00e1ly sikeres, z\u00f6kken\u0151mentes kezd\u00e9s\u00e9hez sz\u00fcks\u00e9gesek.A foglalkoz\u00e1sminden szerd\u00e1n 15:30-t\u00f3l 16:15-ig tart.Az iskolael\u0151k\u00e9sz\u00edt\u0151 foglalkoz\u00e1sok ingyenesek. Iskol\u00e1nk kapuja minden leend\u0151 els\u0151s el\u0151tt nyitva \u00e1ll.<\/p>\n","protected":false},"author":4,"featured_media":0,"comment_status":"closed","ping_status":"open","sticky":false,"template":"","format":"standard","meta":{"ngg_post_thumbnail":0,"footnotes":""},"categories":[67],"tags":[],"class_list":["post-4739","post","type-post","status-publish","format-standard","hentry","category-sulivaro-2026"],"_links":{"self":[{"href":"http:\/\/www.radnotiiskola.hu\/new\/wp-json\/wp\/v2\/posts\/4739","targetHints":{"allow":["GET"]}}],"collection":[{"href":"http:\/\/www.radnotiiskola.hu\/new\/wp-json\/wp\/v2\/posts"}],"about":[{"href":"http:\/\/www.radnotiiskola.hu\/new\/wp-json\/wp\/v2\/types\/post"}],"author":[{"embeddable":true,"href":"http:\/\/www.radnotiiskola.hu\/new\/wp-json\/wp\/v2\/users\/4"}],"replies":[{"embeddable":true,"href":"http:\/\/www.radnotiiskola.hu\/new\/wp-json\/wp\/v2\/comments?post=4739"}],"version-history":[{"count":2,"href":"http:\/\/www.radnotiiskola.hu\/new\/wp-json\/wp\/v2\/posts\/4739\/revisions"}],"predecessor-version":[{"id":4742,"href":"http:\/\/www.radnotiiskola.hu\/new\/wp-json\/wp\/v2\/posts\/4739\/revisions\/4742"}],"wp:attachment":[{"href":"http:\/\/www.radnotiiskola.hu\/new\/wp-json\/wp\/v2\/media?parent=4739"}],"wp:term":[{"taxonomy":"category","embeddable":true,"href":"http:\/\/www.radnotiiskola.hu\/new\/wp-json\/wp\/v2\/categories?post=4739"},{"taxonomy":"post_tag","embeddable":true,"href":"http:\/\/www.radnotiiskola.hu\/new\/wp-json\/wp\/v2\/tags?post=4739"}],"curies":[{"name":"wp","href":"https:\/\/api.w.org\/{rel}","templated":true}]}}