{"id":4743,"date":"2026-03-02T16:58:32","date_gmt":"2026-03-02T16:58:32","guid":{"rendered":"https:\/\/www.radnotiiskola.hu\/new\/?p=4743"},"modified":"2026-03-13T17:03:17","modified_gmt":"2026-03-13T17:03:17","slug":"intezmenyunk-2026-marcius-havi-programja","status":"publish","type":"post","link":"http:\/\/www.radnotiiskola.hu\/new\/2026\/03\/02\/intezmenyunk-2026-marcius-havi-programja\/","title":{"rendered":"Int\u00e9zm\u00e9ny\u00fcnk 2026. m\u00e1rcius havi programja"},"content":{"rendered":"\n<p><img loading=\"lazy\" decoding=\"async\" class=\"aligncenter size-medium wp-image-4773\" src=\"http:\/\/www.radnotiiskola.hu\/new\/wp-content\/uploads\/2026\/03\/happy-boy-jumping-colorful-background_1308-100697-242x300.jpg\" alt=\"\" width=\"242\" height=\"300\" srcset=\"http:\/\/www.radnotiiskola.hu\/new\/wp-content\/uploads\/2026\/03\/happy-boy-jumping-colorful-background_1308-100697-242x300.jpg 242w, http:\/\/www.radnotiiskola.hu\/new\/wp-content\/uploads\/2026\/03\/happy-boy-jumping-colorful-background_1308-100697-827x1024.jpg 827w, http:\/\/www.radnotiiskola.hu\/new\/wp-content\/uploads\/2026\/03\/happy-boy-jumping-colorful-background_1308-100697-768x950.jpg 768w, http:\/\/www.radnotiiskola.hu\/new\/wp-content\/uploads\/2026\/03\/happy-boy-jumping-colorful-background_1308-100697-1241x1536.jpg 1241w, http:\/\/www.radnotiiskola.hu\/new\/wp-content\/uploads\/2026\/03\/happy-boy-jumping-colorful-background_1308-100697.jpg 1616w\" sizes=\"auto, (max-width: 242px) 100vw, 242px\" \/><\/p>\n\n\n\n<p><!--more--><\/p>\n<table  class=\" table table-hover\" width=\"606\">\n<tbody>\n<tr>\n<td colspan=\"3\" width=\"606\">\n<p style=\"text-align: center;\"><strong>M\u00e1rcius<\/strong><\/p>\n<\/td>\n<\/tr>\n<tr>\n<td width=\"114\">\n<p>2026.03.01.<\/p>\n<\/td>\n<td width=\"113\">\n<p>vas\u00e1rnap<\/p>\n<\/td>\n<td width=\"378\">\n<p>&nbsp;<\/p>\n<\/td>\n<\/tr>\n<tr>\n<td width=\"114\">\n<p>2026.03.02.<\/p>\n<\/td>\n<td width=\"113\">\n<p>h\u00e9tf\u0151<\/p>\n<\/td>\n<td width=\"378\">\n<p><strong>Tan\u00edt\u00e1s n\u00e9lk\u00fcli munkanap<\/strong><\/p>\n<p>Tavaszi nevel\u00e9si \u00e9rtekezlet: Az SNI, BTMN tanul\u00f3k differenci\u00e1l\u00e1s\u00e1nak tapasztalatai<\/p>\n<p>felel\u0151s: Balatoni L\u00edvia<\/p>\n<p>P\u00c9NZ 7 p\u00e9nz\u00fcgyi \u00e9s v\u00e1llalkoz\u00f3i t\u00e9mah\u00e9t<\/p>\n<p>felel\u0151s: Juh\u00e1szn\u00e9 Csordos T\u00fcnde<\/p>\n<p>14 \u00f3ra G\u00e1rdonyi Logikaverseny I.levelez\u0151s fordul\u00f3ja<\/p>\n<p>felel\u0151s: Juh\u00e1szn\u00e9 Csordos T\u00fcnde<\/p>\n<\/td>\n<\/tr>\n<tr>\n<td width=\"114\">\n<p>2026.03.03.<\/p>\n<\/td>\n<td width=\"113\">\n<p>kedd<\/p>\n<\/td>\n<td width=\"378\">\n<p>14 \u00f3ra Vaskakas B\u00e1bsz\u00ednh\u00e1z<\/p>\n<p>felel\u0151s: Kolossv\u00e1ryn\u00e9 Szunyogh Csilla<\/p>\n<\/td>\n<\/tr>\n<tr>\n<td width=\"114\">\n<p>2026.03.04.<\/p>\n<\/td>\n<td width=\"113\">\n<p>szerda<\/p>\n<\/td>\n<td width=\"378\">\n<p>Belv\u00e1rosi Suliv\u00e1r\u00f3<\/p>\n<p>felel\u0151s: Kolossv\u00e1ryn\u00e9 Sz. Csilla<\/p>\n<\/td>\n<\/tr>\n<tr>\n<td width=\"114\">\n<p>2026.03.05.<\/p>\n<\/td>\n<td width=\"113\">\n<p>cs\u00fct\u00f6rt\u00f6k<\/p>\n<\/td>\n<td width=\"378\">\n<p>&nbsp;<\/p>\n<\/td>\n<\/tr>\n<tr>\n<td width=\"114\">\n<p>2026.03.06.<\/p>\n<\/td>\n<td width=\"113\">\n<p>p\u00e9ntek<\/p>\n<\/td>\n<td width=\"378\">\n<p>&nbsp;<\/p>\n<\/td>\n<\/tr>\n<tr>\n<td width=\"114\">\n<p>2026.03.07.<\/p>\n<\/td>\n<td width=\"113\">\n<p>szombat<\/p>\n<\/td>\n<td width=\"378\">\n<p>&nbsp;<\/p>\n<\/td>\n<\/tr>\n<tr>\n<td width=\"114\">\n<p>2026.03.08.<\/p>\n<\/td>\n<td width=\"113\">\n<p>vas\u00e1rnap<\/p>\n<\/td>\n<td width=\"378\">\n<p>&nbsp;<\/p>\n<\/td>\n<\/tr>\n<tr>\n<td width=\"114\">\n<p>2026.03.09.<\/p>\n<\/td>\n<td width=\"113\">\n<p>h\u00e9tf\u0151<\/p>\n<\/td>\n<td width=\"378\">\n<p>&nbsp;<\/p>\n<\/td>\n<\/tr>\n<tr>\n<td width=\"114\">\n<p>2026.03.10.<\/p>\n<\/td>\n<td width=\"113\">\n<p>kedd<\/p>\n<\/td>\n<td width=\"378\">\n<p>B\u00e1zisiskolai program<\/p>\n<p>felel\u0151s: Harcs\u00e1n\u00e9 Auerbach Petra<\/p>\n<\/td>\n<\/tr>\n<tr>\n<td width=\"114\">\n<p>2026.03.11.<\/p>\n<\/td>\n<td width=\"113\">\n<p>szerda<\/p>\n<\/td>\n<td width=\"378\">\n<p>Belv\u00e1rosi Suliv\u00e1r\u00f3<\/p>\n<p>felel\u0151s: Varga T\u00edmea<\/p>\n<\/td>\n<\/tr>\n<tr>\n<td width=\"114\">\n<p>2026.03.12.<\/p>\n<\/td>\n<td width=\"113\">\n<p>cs\u00fct\u00f6rt\u00f6k<\/p>\n<\/td>\n<td width=\"378\">\n<p>7 \u00f3ra Nevel\u0151test\u00fcleti megbesz\u00e9l\u00e9s<\/p>\n<\/td>\n<\/tr>\n<tr>\n<td width=\"114\">\n<p>2026.03.13.<\/p>\n<\/td>\n<td width=\"113\">\n<p>p\u00e9ntek<\/p>\n<\/td>\n<td width=\"378\">\n<p>M\u00e1rcius 15. \u00fcnnep\u00e9ly<\/p>\n<p>felel\u0151s: Nagy \u00c9va<\/p>\n<\/td>\n<\/tr>\n<tr>\n<td width=\"114\">\n<p>2026.03.14.<\/p>\n<\/td>\n<td width=\"113\">\n<p>szombat<\/p>\n<\/td>\n<td width=\"378\">\n<p>&nbsp;<\/p>\n<\/td>\n<\/tr>\n<tr>\n<td width=\"114\">\n<p>2026.03.15.<\/p>\n<\/td>\n<td width=\"113\">\n<p>vas\u00e1rnap<\/p>\n<\/td>\n<td width=\"378\">\n<p>Koszor\u00faz a 6.a oszt\u00e1ly<\/p>\n<p>felel\u0151s: Kiss L\u00e1szl\u00f3n\u00e9, Radv\u00e1nszki M\u00f3nika<\/p>\n<\/td>\n<\/tr>\n<tr>\n<td width=\"114\">\n<p>2026.03.16.<\/p>\n<\/td>\n<td width=\"113\">\n<p>h\u00e9tf\u0151<\/p>\n<\/td>\n<td width=\"378\">\n<p>&nbsp;<\/p>\n<\/td>\n<\/tr>\n<tr>\n<td width=\"114\">\n<p>2026.03.17.<\/p>\n<\/td>\n<td width=\"113\">\n<p>kedd<\/p>\n<\/td>\n<td width=\"378\">\n<p>6.ab Sopron \u2013 B\u0171v\u00f6sv\u00f6lgy<\/p>\n<p>felel\u0151s: Radv\u00e1nszki M\u00f3nika, Kiss L\u00e1szl\u00f3n\u00e9<\/p>\n<\/td>\n<\/tr>\n<tr>\n<td width=\"114\">\n<p>2026.03.18.<\/p>\n<\/td>\n<td width=\"113\">\n<p>szerda<\/p>\n<\/td>\n<td width=\"378\">\n<p>Belv\u00e1rosi Suliv\u00e1r\u00f3<\/p>\n<p>felel\u0151s: T\u00f6rk\u00f6ly Enik\u0151<\/p>\n<p>9 \u00f3ra Ballag\u00e1si tabl\u00f3 f\u00e9nyk\u00e9pez\u00e9s 8.a<\/p>\n<p>felel\u0151s: Harcs\u00e1n\u00e9 Auerbach Petra<\/p>\n<\/td>\n<\/tr>\n<tr>\n<td width=\"114\">\n<p>2026.03.19.<\/p>\n<\/td>\n<td width=\"113\">\n<p>cs\u00fct\u00f6rt\u00f6k<\/p>\n<\/td>\n<td width=\"378\">\n<p>12 \u00f3ra Filmzene-Szuperh\u0151s\u00f6k \u00e9s galaxisok-ifj\u00fas\u00e1gi koncert az Egyetemi Csarnokban<\/p>\n<p>5-8.oszt\u00e1ly<\/p>\n<p>felel\u0151s: oszt\u00e1lyf\u0151n\u00f6k\u00f6k<\/p>\n<p>9.40 \u00f3r\u00e1t\u00f3l -7.a V\u00e9d\u0151olt\u00e1s<\/p>\n<\/td>\n<\/tr>\n<tr>\n<td width=\"114\">\n<p>2026.03.20.<\/p>\n<\/td>\n<td width=\"113\">\n<p>p\u00e9ntek<\/p>\n<\/td>\n<td width=\"378\">\n<p>4.a Budapest \u2013 Orsz\u00e1gh\u00e1z<\/p>\n<p>felel\u0151s: Nagy \u00c9va, Varga T\u00edmea<\/p>\n<\/td>\n<\/tr>\n<tr>\n<td width=\"114\">\n<p>2026.03.21.<\/p>\n<\/td>\n<td width=\"113\">\n<p>szombat<\/p>\n<\/td>\n<td width=\"378\">\n<p>&nbsp;<\/p>\n<\/td>\n<\/tr>\n<tr>\n<td width=\"114\">\n<p>2026.03.22.<\/p>\n<\/td>\n<td width=\"113\">\n<p>vas\u00e1rnap<\/p>\n<\/td>\n<td width=\"378\">\n<p>&nbsp;<\/p>\n<\/td>\n<\/tr>\n<tr>\n<td width=\"114\">\n<p>2026.03.23.<\/p>\n<\/td>\n<td width=\"113\">\n<p>h\u00e9tf\u0151<\/p>\n<\/td>\n<td width=\"378\">\n<p>Orsz\u00e1gos m\u00e9r\u00e9sek kezd\u0151 napja<\/p>\n<p>Digit\u00e1lis t\u00e9mah\u00e9t<\/p>\n<p>felel\u0151s: Varga T\u00edmea<\/p>\n<p>Digit\u00e1lis nap<\/p>\n<p>felel\u0151s: Varga T\u00edmea<\/p>\n<p>G\u00e1rdonyi Logikaverseny II. online fordul\u00f3ja<\/p>\n<p>felel\u0151s: Juh\u00e1szn\u00e9 Csordos T\u00fcnde<\/p>\n<\/td>\n<\/tr>\n<tr>\n<td width=\"114\">\n<p>2026.03.24.<\/p>\n<\/td>\n<td width=\"113\">\n<p>kedd<\/p>\n<\/td>\n<td width=\"378\">\n<p>Hat\u00e1rtalanul \u20137.a oszt\u00e1ly- Erd\u00e9ly<\/p>\n<p>Felel\u0151s: F\u00e1bi\u00e1n Judit<\/p>\n<p>03.24-03.27.<\/p>\n<p>6.ab Digit\u00e1lis orsz\u00e1gos m\u00e9r\u00e9s: Sz\u00f6veg\u00e9rt\u00e9s, matematika<\/p>\n<p>felel\u0151s: Juh\u00e1szn\u00e9, Kiss L\u00e1szl\u00f3n\u00e9, Radv\u00e1nszki M\u00f3nika<\/p>\n<p>14 \u00f3ra Szaktan\u00e1csad\u00f3i m\u0171helymunka: IKT tippek, technik\u00e1k, m\u00f3dszerek, eszk\u00f6z\u00f6k<\/p>\n<\/td>\n<\/tr>\n<tr>\n<td width=\"114\">\n<p>2026.03.25.<\/p>\n<\/td>\n<td width=\"113\">\n<p>szerda<\/p>\n<\/td>\n<td width=\"378\">\n<p>6.ab Digit\u00e1lis orsz\u00e1gos m\u00e9r\u00e9s: Term\u00e9szettudom\u00e1ny, idegen nyelv<\/p>\n<p>felel\u0151s: Juh\u00e1szn\u00e9, Kiss L\u00e1szl\u00f3n\u00e9, Radv\u00e1nszki M\u00f3nika<\/p>\n<p>Belv\u00e1rosi Suliv\u00e1r\u00f3<\/p>\n<p>felel\u0151s: Kov\u00e1cs Bonita Bogl\u00e1rka<\/p>\n<\/td>\n<\/tr>\n<tr>\n<td width=\"114\">\n<p>2026.03.26.<\/p>\n<\/td>\n<td width=\"113\">\n<p>cs\u00fct\u00f6rt\u00f6k<\/p>\n<\/td>\n<td width=\"378\">\n<p>6.ab Digit\u00e1lis orsz\u00e1gos m\u00e9r\u00e9s: T\u00f6rt\u00e9nelem, digit\u00e1lis kult\u00fara<\/p>\n<p>felel\u0151s: Juh\u00e1szn\u00e9, Kiss L\u00e1szl\u00f3n\u00e9, Radv\u00e1nszki M\u00f3nika<\/p>\n<\/td>\n<\/tr>\n<tr>\n<td width=\"114\">\n<p>2026.03.27.<\/p>\n<\/td>\n<td width=\"113\">\n<p>p\u00e9ntek<\/p>\n<\/td>\n<td width=\"378\">\n<p>&nbsp;<\/p>\n<p>&nbsp;<\/p>\n<p>&nbsp;<\/p>\n<\/td>\n<\/tr>\n<tr>\n<td width=\"114\">\n<p>2026.03.28.<\/p>\n<\/td>\n<td width=\"113\">\n<p>szombat<\/p>\n<\/td>\n<td width=\"378\">\n<p>&nbsp;<\/p>\n<\/td>\n<\/tr>\n<tr>\n<td width=\"114\">\n<p>2026.03.29.<\/p>\n<\/td>\n<td width=\"113\">\n<p>vas\u00e1rnap<\/p>\n<\/td>\n<td width=\"378\">\n<p>&nbsp;<\/p>\n<\/td>\n<\/tr>\n<tr>\n<td width=\"114\">\n<p>2026.03.30.<\/p>\n<\/td>\n<td width=\"113\">\n<p>h\u00e9tf\u0151<\/p>\n<\/td>\n<td width=\"378\">\n<p>7.a&nbsp; Digit\u00e1lis orsz\u00e1gos m\u00e9r\u00e9s: Sz\u00f6veg\u00e9rt\u00e9s, matematika<\/p>\n<p>felel\u0151s: Juh\u00e1szn\u00e9, F\u00e1bi\u00e1n Judit<\/p>\n<\/td>\n<\/tr>\n<tr>\n<td width=\"114\">\n<p>2026.03.31.<\/p>\n<\/td>\n<td width=\"113\">\n<p>kedd<\/p>\n<\/td>\n<td width=\"378\">\n<p>7.a&nbsp; Digit\u00e1lis orsz\u00e1gos m\u00e9r\u00e9s: Term\u00e9szettudom\u00e1ny, idegen nyelv<\/p>\n<p>felel\u0151s: Juh\u00e1szn\u00e9, F\u00e1bi\u00e1n Judit<\/p>\n<\/td>\n<\/tr>\n<\/tbody>\n<\/table>\n","protected":false},"excerpt":{"rendered":"","protected":false},"author":4,"featured_media":0,"comment_status":"closed","ping_status":"open","sticky":false,"template":"","format":"standard","meta":{"ngg_post_thumbnail":0,"footnotes":""},"categories":[70],"tags":[],"class_list":["post-4743","post","type-post","status-publish","format-standard","hentry","category-havi-programok-2026"],"_links":{"self":[{"href":"http:\/\/www.radnotiiskola.hu\/new\/wp-json\/wp\/v2\/posts\/4743","targetHints":{"allow":["GET"]}}],"collection":[{"href":"http:\/\/www.radnotiiskola.hu\/new\/wp-json\/wp\/v2\/posts"}],"about":[{"href":"http:\/\/www.radnotiiskola.hu\/new\/wp-json\/wp\/v2\/types\/post"}],"author":[{"embeddable":true,"href":"http:\/\/www.radnotiiskola.hu\/new\/wp-json\/wp\/v2\/users\/4"}],"replies":[{"embeddable":true,"href":"http:\/\/www.radnotiiskola.hu\/new\/wp-json\/wp\/v2\/comments?post=4743"}],"version-history":[{"count":2,"href":"http:\/\/www.radnotiiskola.hu\/new\/wp-json\/wp\/v2\/posts\/4743\/revisions"}],"predecessor-version":[{"id":4774,"href":"http:\/\/www.radnotiiskola.hu\/new\/wp-json\/wp\/v2\/posts\/4743\/revisions\/4774"}],"wp:attachment":[{"href":"http:\/\/www.radnotiiskola.hu\/new\/wp-json\/wp\/v2\/media?parent=4743"}],"wp:term":[{"taxonomy":"category","embeddable":true,"href":"http:\/\/www.radnotiiskola.hu\/new\/wp-json\/wp\/v2\/categories?post=4743"},{"taxonomy":"post_tag","embeddable":true,"href":"http:\/\/www.radnotiiskola.hu\/new\/wp-json\/wp\/v2\/tags?post=4743"}],"curies":[{"name":"wp","href":"https:\/\/api.w.org\/{rel}","templated":true}]}}